{"id":1240,"date":"2015-10-21T12:51:07","date_gmt":"2015-10-21T12:51:07","guid":{"rendered":"https:\/\/www.fotojoker.pl\/blog\/?p=1240"},"modified":"2019-01-22T12:42:06","modified_gmt":"2019-01-22T12:42:06","slug":"przyszla-jesien-aparat-w-dlon","status":"publish","type":"post","link":"https:\/\/fotojoker.pl\/blog\/przyszla-jesien-aparat-w-dlon\/","title":{"rendered":"Przysz\u0142a jesie\u0144, aparat w d\u0142o\u0144!"},"content":{"rendered":"<div class=\"pntrst_main_before_after\"><\/div><p>Jesie\u0144 to idealna pora na robienie zdj\u0119\u0107. Pojawiaj\u0105 si\u0119 pierwsze przymrozki a \u015bwiat przybiera pi\u0119kne kolory&#8230;<span style=\"line-height: 1.5;\">\u00a0\u015awiat\u0142o, kt\u00f3re nie jest ju\u017c tak mocne jak latem, skierowane bardziej poziomo, wydobywa pi\u0119kno natury. Drzewa z\u0142oc\u0105 si\u0119 milionem kolor\u00f3w, od zieleni poprzez wszystkie odmiany czerwieni i \u017c\u00f3\u0142ci a\u017c do br\u0105zu. Poranne mg\u0142y i dymy palonych ognisk dope\u0142niaj\u0105 jesiennego klimatu. Wszystko to sprawia \u017ce jesie\u0144 jest ulubion\u0105 por\u0105 zdecydowanej wi\u0119kszo\u015bci\u00a0fotograf\u00f3w.<\/span><\/p>\n<p><!--more--><\/p>\n<p>Pi\u0119kne wschody i zachody s\u0142o\u0144ca&#8230;<\/p>\n<div id=\"attachment_1254\" style=\"width: 1010px\" class=\"wp-caption alignnone\"><a href=\"https:\/\/www.fotojoker.pl\/blog\/wp-content\/uploads\/zachod_slonca_W-1000-px.jpg\"><img aria-describedby=\"caption-attachment-1254\" decoding=\"async\" loading=\"lazy\" class=\"size-full wp-image-1254\" src=\"https:\/\/www.fotojoker.pl\/blog\/wp-content\/uploads\/zachod_slonca_W-1000-px.jpg\" alt=\"Autor: Piotr Szalak\" width=\"1000\" height=\"667\" srcset=\"https:\/\/fotoservice.fotojoker.pl\/blog\/wp-content\/uploads\/zachod_slonca_W-1000-px.jpg 1000w, https:\/\/fotoservice.fotojoker.pl\/blog\/wp-content\/uploads\/zachod_slonca_W-1000-px-300x200.jpg 300w, https:\/\/fotoservice.fotojoker.pl\/blog\/wp-content\/uploads\/zachod_slonca_W-1000-px-730x487.jpg 730w\" sizes=\"(max-width: 1000px) 100vw, 1000px\" \/><\/a><p id=\"caption-attachment-1254\" class=\"wp-caption-text\">foto Piotr Szalak<\/p><\/div>\n<p>Poniewa\u017c dzie\u0144 nie zaczyna si\u0119 ju\u017c tak wcze\u015bnie udaje si\u0119 wsta\u0107 na przepi\u0119kne wschody s\u0142o\u0144ca czasem po\u0142\u0105czone z mg\u0142ami.<\/p>\n<div id=\"attachment_1243\" style=\"width: 1010px\" class=\"wp-caption alignnone\"><a href=\"https:\/\/www.fotojoker.pl\/blog\/wp-content\/uploads\/2-small.jpg\"><img aria-describedby=\"caption-attachment-1243\" decoding=\"async\" loading=\"lazy\" class=\"size-full wp-image-1243\" src=\"https:\/\/www.fotojoker.pl\/blog\/wp-content\/uploads\/2-small.jpg\" alt=\"Kazimierz Dolny; foto Piotr Szalak\" width=\"1000\" height=\"667\" srcset=\"https:\/\/fotoservice.fotojoker.pl\/blog\/wp-content\/uploads\/2-small.jpg 1000w, https:\/\/fotoservice.fotojoker.pl\/blog\/wp-content\/uploads\/2-small-300x200.jpg 300w, https:\/\/fotoservice.fotojoker.pl\/blog\/wp-content\/uploads\/2-small-730x487.jpg 730w\" sizes=\"(max-width: 1000px) 100vw, 1000px\" \/><\/a><p id=\"caption-attachment-1243\" class=\"wp-caption-text\">Kazimierz Dolny; foto Piotr Szalak<\/p><\/div>\n<p>Jesieni\u0105 drzewa przybieraj\u0105 przepi\u0119kne barwy &#8211; pomara\u0144czowe, czerwone, \u017c\u00f3\u0142te&#8230;<\/p>\n<div id=\"attachment_1244\" style=\"width: 1010px\" class=\"wp-caption alignnone\"><a href=\"https:\/\/www.fotojoker.pl\/blog\/wp-content\/uploads\/3-small.jpg\"><img aria-describedby=\"caption-attachment-1244\" decoding=\"async\" loading=\"lazy\" class=\"size-full wp-image-1244\" src=\"https:\/\/www.fotojoker.pl\/blog\/wp-content\/uploads\/3-small.jpg\" alt=\"Pojezierze \u0141\u0119czy\u0144sko - W\u0142odawskie; foto Piotr Szalak\" width=\"1000\" height=\"667\" srcset=\"https:\/\/fotoservice.fotojoker.pl\/blog\/wp-content\/uploads\/3-small.jpg 1000w, https:\/\/fotoservice.fotojoker.pl\/blog\/wp-content\/uploads\/3-small-300x200.jpg 300w, https:\/\/fotoservice.fotojoker.pl\/blog\/wp-content\/uploads\/3-small-730x487.jpg 730w\" sizes=\"(max-width: 1000px) 100vw, 1000px\" \/><\/a><p id=\"caption-attachment-1244\" class=\"wp-caption-text\">Pojezierze \u0141\u0119czy\u0144sko &#8211; W\u0142odawskie; foto Piotr Szalak<\/p><\/div>\n<p>Przy odrobinie szcz\u0119\u015bcia i cierpliwo\u015bci mog\u0105 nas spotka\u0107 wyj\u0105tkowe widoki&#8230;<\/p>\n<div id=\"attachment_1245\" style=\"width: 1010px\" class=\"wp-caption alignnone\"><a href=\"https:\/\/www.fotojoker.pl\/blog\/wp-content\/uploads\/4-small.jpg\"><img aria-describedby=\"caption-attachment-1245\" decoding=\"async\" loading=\"lazy\" class=\"size-full wp-image-1245\" src=\"https:\/\/www.fotojoker.pl\/blog\/wp-content\/uploads\/4-small.jpg\" alt=\"Jesienny zaskroniec; foto: Piotr Szalak\" width=\"1000\" height=\"667\" srcset=\"https:\/\/fotoservice.fotojoker.pl\/blog\/wp-content\/uploads\/4-small.jpg 1000w, https:\/\/fotoservice.fotojoker.pl\/blog\/wp-content\/uploads\/4-small-300x200.jpg 300w, https:\/\/fotoservice.fotojoker.pl\/blog\/wp-content\/uploads\/4-small-730x487.jpg 730w\" sizes=\"(max-width: 1000px) 100vw, 1000px\" \/><\/a><p id=\"caption-attachment-1245\" class=\"wp-caption-text\">Jesienny zaskroniec; foto: Piotr Szalak<\/p><\/div>\n<div class=\"pntrst_main_before_after\"><\/div>","protected":false},"excerpt":{"rendered":"<p>Jesie\u0144 to idealna pora na robienie zdj\u0119\u0107. Pojawiaj\u0105 si\u0119 pierwsze przymrozki a \u015bwiat przybiera pi\u0119kne kolory&#8230;\u00a0\u015awiat\u0142o, kt\u00f3re nie jest ju\u017c tak mocne jak latem, skierowane bardziej poziomo, wydobywa pi\u0119kno natury. Drzewa z\u0142oc\u0105 si\u0119 milionem kolor\u00f3w, od zieleni poprzez wszystkie odmiany czerwieni i \u017c\u00f3\u0142ci a\u017c do br\u0105zu. Poranne mg\u0142y i dymy palonych ognisk dope\u0142niaj\u0105 jesiennego klimatu. [&hellip;]<\/p>\n","protected":false},"author":4,"featured_media":1246,"comment_status":"open","ping_status":"open","sticky":false,"template":"","format":"standard","meta":{"inline_featured_image":false,"spay_email":"","jetpack_publicize_message":"","jetpack_is_tweetstorm":false,"jetpack_publicize_feature_enabled":true},"categories":[172],"tags":[],"yoast_head":"<!-- This site is optimized with the Yoast SEO plugin v19.1 - https:\/\/yoast.com\/wordpress\/plugins\/seo\/ -->\n<title>Przysz\u0142a jesie\u0144, aparat w d\u0142o\u0144! - Blog FOTOJOKER.pl<\/title>\n<meta name=\"robots\" content=\"index, follow, max-snippet:-1, max-image-preview:large, max-video-preview:-1\" \/>\n<link rel=\"canonical\" href=\"https:\/\/fotojoker.pl\/blog\/przyszla-jesien-aparat-w-dlon\/\" \/>\n<meta property=\"og:locale\" content=\"pl_PL\" \/>\n<meta property=\"og:type\" content=\"article\" \/>\n<meta property=\"og:title\" content=\"Przysz\u0142a jesie\u0144, aparat w d\u0142o\u0144! - Blog FOTOJOKER.pl\" \/>\n<meta property=\"og:description\" content=\"Jesie\u0144 to idealna pora na robienie zdj\u0119\u0107. Pojawiaj\u0105 si\u0119 pierwsze przymrozki a \u015bwiat przybiera pi\u0119kne kolory&#8230;\u00a0\u015awiat\u0142o, kt\u00f3re nie jest ju\u017c tak mocne jak latem, skierowane bardziej poziomo, wydobywa pi\u0119kno natury. Drzewa z\u0142oc\u0105 si\u0119 milionem kolor\u00f3w, od zieleni poprzez wszystkie odmiany czerwieni i \u017c\u00f3\u0142ci a\u017c do br\u0105zu. Poranne mg\u0142y i dymy palonych ognisk dope\u0142niaj\u0105 jesiennego klimatu. [&hellip;]\" \/>\n<meta property=\"og:url\" content=\"https:\/\/fotojoker.pl\/blog\/przyszla-jesien-aparat-w-dlon\/\" \/>\n<meta property=\"og:site_name\" content=\"Blog FOTOJOKER.pl\" \/>\n<meta property=\"article:published_time\" content=\"2015-10-21T12:51:07+00:00\" \/>\n<meta property=\"article:modified_time\" content=\"2019-01-22T12:42:06+00:00\" \/>\n<meta property=\"og:image\" content=\"https:\/\/fotoservice.fotojoker.pl\/blog\/wp-content\/uploads\/2-1200x600px.jpg\" \/>\n\t<meta property=\"og:image:width\" content=\"1200\" \/>\n\t<meta property=\"og:image:height\" content=\"600\" \/>\n\t<meta property=\"og:image:type\" content=\"image\/jpeg\" \/>\n<meta name=\"twitter:card\" content=\"summary\" \/>\n<meta name=\"twitter:label1\" content=\"Napisane przez\" \/>\n\t<meta name=\"twitter:data1\" content=\"Piotr Szalak\" \/>\n\t<meta name=\"twitter:label2\" content=\"Szacowany czas czytania\" \/>\n\t<meta name=\"twitter:data2\" content=\"1 minuta\" \/>\n<script type=\"application\/ld+json\" class=\"yoast-schema-graph\">{\"@context\":\"https:\/\/schema.org\",\"@graph\":[{\"@type\":\"WebSite\",\"@id\":\"https:\/\/fotojoker.pl\/blog\/#website\",\"url\":\"https:\/\/fotojoker.pl\/blog\/\",\"name\":\"Blog FOTOJOKER.pl\",\"description\":\"Blog fotograficzny - to i owo dla ka\u017cdego fana robienia zdj\u0119\u0107 i czego\u015b z tych zdj\u0119\u0107.\",\"potentialAction\":[{\"@type\":\"SearchAction\",\"target\":{\"@type\":\"EntryPoint\",\"urlTemplate\":\"https:\/\/fotojoker.pl\/blog\/?s={search_term_string}\"},\"query-input\":\"required name=search_term_string\"}],\"inLanguage\":\"pl-PL\"},{\"@type\":\"ImageObject\",\"inLanguage\":\"pl-PL\",\"@id\":\"https:\/\/fotojoker.pl\/blog\/przyszla-jesien-aparat-w-dlon\/#primaryimage\",\"url\":\"https:\/\/fotoservice.fotojoker.pl\/blog\/wp-content\/uploads\/2-1200x600px.jpg\",\"contentUrl\":\"https:\/\/fotoservice.fotojoker.pl\/blog\/wp-content\/uploads\/2-1200x600px.jpg\",\"width\":1200,\"height\":600},{\"@type\":\"WebPage\",\"@id\":\"https:\/\/fotojoker.pl\/blog\/przyszla-jesien-aparat-w-dlon\/#webpage\",\"url\":\"https:\/\/fotojoker.pl\/blog\/przyszla-jesien-aparat-w-dlon\/\",\"name\":\"Przysz\u0142a jesie\u0144, aparat w d\u0142o\u0144! - Blog FOTOJOKER.pl\",\"isPartOf\":{\"@id\":\"https:\/\/fotojoker.pl\/blog\/#website\"},\"primaryImageOfPage\":{\"@id\":\"https:\/\/fotojoker.pl\/blog\/przyszla-jesien-aparat-w-dlon\/#primaryimage\"},\"datePublished\":\"2015-10-21T12:51:07+00:00\",\"dateModified\":\"2019-01-22T12:42:06+00:00\",\"author\":{\"@id\":\"https:\/\/fotojoker.pl\/blog\/#\/schema\/person\/5e7b5afb5d5d936b7a539e0f9289b9a0\"},\"breadcrumb\":{\"@id\":\"https:\/\/fotojoker.pl\/blog\/przyszla-jesien-aparat-w-dlon\/#breadcrumb\"},\"inLanguage\":\"pl-PL\",\"potentialAction\":[{\"@type\":\"ReadAction\",\"target\":[\"https:\/\/fotojoker.pl\/blog\/przyszla-jesien-aparat-w-dlon\/\"]}]},{\"@type\":\"BreadcrumbList\",\"@id\":\"https:\/\/fotojoker.pl\/blog\/przyszla-jesien-aparat-w-dlon\/#breadcrumb\",\"itemListElement\":[{\"@type\":\"ListItem\",\"position\":1,\"name\":\"Strona g\u0142\u00f3wna\",\"item\":\"https:\/\/fotojoker.pl\/blog\/\"},{\"@type\":\"ListItem\",\"position\":2,\"name\":\"Przysz\u0142a jesie\u0144, aparat w d\u0142o\u0144!\"}]},{\"@type\":\"Person\",\"@id\":\"https:\/\/fotojoker.pl\/blog\/#\/schema\/person\/5e7b5afb5d5d936b7a539e0f9289b9a0\",\"name\":\"Piotr Szalak\",\"image\":{\"@type\":\"ImageObject\",\"inLanguage\":\"pl-PL\",\"@id\":\"https:\/\/fotojoker.pl\/blog\/#\/schema\/person\/image\/\",\"url\":\"https:\/\/fotoservice.fotojoker.pl\/blog\/wp-content\/uploads\/1-100x100.jpg\",\"contentUrl\":\"https:\/\/fotoservice.fotojoker.pl\/blog\/wp-content\/uploads\/1-100x100.jpg\",\"caption\":\"Piotr Szalak\"},\"description\":\"Fotograf amator oraz do\u015bwiadczony znawca sprz\u0119tu fotograficznego.\",\"sameAs\":[\"http:\/\/www.photoblog.pl\/milianor\/profil\"],\"url\":\"https:\/\/fotojoker.pl\/blog\/author\/piotr\/\"}]}<\/script>\n<!-- \/ Yoast SEO plugin. -->","yoast_head_json":{"title":"Przysz\u0142a jesie\u0144, aparat w d\u0142o\u0144! - Blog FOTOJOKER.pl","robots":{"index":"index","follow":"follow","max-snippet":"max-snippet:-1","max-image-preview":"max-image-preview:large","max-video-preview":"max-video-preview:-1"},"canonical":"https:\/\/fotojoker.pl\/blog\/przyszla-jesien-aparat-w-dlon\/","og_locale":"pl_PL","og_type":"article","og_title":"Przysz\u0142a jesie\u0144, aparat w d\u0142o\u0144! - Blog FOTOJOKER.pl","og_description":"Jesie\u0144 to idealna pora na robienie zdj\u0119\u0107. Pojawiaj\u0105 si\u0119 pierwsze przymrozki a \u015bwiat przybiera pi\u0119kne kolory&#8230;\u00a0\u015awiat\u0142o, kt\u00f3re nie jest ju\u017c tak mocne jak latem, skierowane bardziej poziomo, wydobywa pi\u0119kno natury. Drzewa z\u0142oc\u0105 si\u0119 milionem kolor\u00f3w, od zieleni poprzez wszystkie odmiany czerwieni i \u017c\u00f3\u0142ci a\u017c do br\u0105zu. Poranne mg\u0142y i dymy palonych ognisk dope\u0142niaj\u0105 jesiennego klimatu. [&hellip;]","og_url":"https:\/\/fotojoker.pl\/blog\/przyszla-jesien-aparat-w-dlon\/","og_site_name":"Blog FOTOJOKER.pl","article_published_time":"2015-10-21T12:51:07+00:00","article_modified_time":"2019-01-22T12:42:06+00:00","og_image":[{"width":1200,"height":600,"url":"https:\/\/fotoservice.fotojoker.pl\/blog\/wp-content\/uploads\/2-1200x600px.jpg","type":"image\/jpeg"}],"twitter_card":"summary","twitter_misc":{"Napisane przez":"Piotr Szalak","Szacowany czas czytania":"1 minuta"},"schema":{"@context":"https:\/\/schema.org","@graph":[{"@type":"WebSite","@id":"https:\/\/fotojoker.pl\/blog\/#website","url":"https:\/\/fotojoker.pl\/blog\/","name":"Blog FOTOJOKER.pl","description":"Blog fotograficzny - to i owo dla ka\u017cdego fana robienia zdj\u0119\u0107 i czego\u015b z tych zdj\u0119\u0107.","potentialAction":[{"@type":"SearchAction","target":{"@type":"EntryPoint","urlTemplate":"https:\/\/fotojoker.pl\/blog\/?s={search_term_string}"},"query-input":"required name=search_term_string"}],"inLanguage":"pl-PL"},{"@type":"ImageObject","inLanguage":"pl-PL","@id":"https:\/\/fotojoker.pl\/blog\/przyszla-jesien-aparat-w-dlon\/#primaryimage","url":"https:\/\/fotoservice.fotojoker.pl\/blog\/wp-content\/uploads\/2-1200x600px.jpg","contentUrl":"https:\/\/fotoservice.fotojoker.pl\/blog\/wp-content\/uploads\/2-1200x600px.jpg","width":1200,"height":600},{"@type":"WebPage","@id":"https:\/\/fotojoker.pl\/blog\/przyszla-jesien-aparat-w-dlon\/#webpage","url":"https:\/\/fotojoker.pl\/blog\/przyszla-jesien-aparat-w-dlon\/","name":"Przysz\u0142a jesie\u0144, aparat w d\u0142o\u0144! - Blog FOTOJOKER.pl","isPartOf":{"@id":"https:\/\/fotojoker.pl\/blog\/#website"},"primaryImageOfPage":{"@id":"https:\/\/fotojoker.pl\/blog\/przyszla-jesien-aparat-w-dlon\/#primaryimage"},"datePublished":"2015-10-21T12:51:07+00:00","dateModified":"2019-01-22T12:42:06+00:00","author":{"@id":"https:\/\/fotojoker.pl\/blog\/#\/schema\/person\/5e7b5afb5d5d936b7a539e0f9289b9a0"},"breadcrumb":{"@id":"https:\/\/fotojoker.pl\/blog\/przyszla-jesien-aparat-w-dlon\/#breadcrumb"},"inLanguage":"pl-PL","potentialAction":[{"@type":"ReadAction","target":["https:\/\/fotojoker.pl\/blog\/przyszla-jesien-aparat-w-dlon\/"]}]},{"@type":"BreadcrumbList","@id":"https:\/\/fotojoker.pl\/blog\/przyszla-jesien-aparat-w-dlon\/#breadcrumb","itemListElement":[{"@type":"ListItem","position":1,"name":"Strona g\u0142\u00f3wna","item":"https:\/\/fotojoker.pl\/blog\/"},{"@type":"ListItem","position":2,"name":"Przysz\u0142a jesie\u0144, aparat w d\u0142o\u0144!"}]},{"@type":"Person","@id":"https:\/\/fotojoker.pl\/blog\/#\/schema\/person\/5e7b5afb5d5d936b7a539e0f9289b9a0","name":"Piotr Szalak","image":{"@type":"ImageObject","inLanguage":"pl-PL","@id":"https:\/\/fotojoker.pl\/blog\/#\/schema\/person\/image\/","url":"https:\/\/fotoservice.fotojoker.pl\/blog\/wp-content\/uploads\/1-100x100.jpg","contentUrl":"https:\/\/fotoservice.fotojoker.pl\/blog\/wp-content\/uploads\/1-100x100.jpg","caption":"Piotr Szalak"},"description":"Fotograf amator oraz do\u015bwiadczony znawca sprz\u0119tu fotograficznego.","sameAs":["http:\/\/www.photoblog.pl\/milianor\/profil"],"url":"https:\/\/fotojoker.pl\/blog\/author\/piotr\/"}]}},"jetpack_featured_media_url":"https:\/\/fotoservice.fotojoker.pl\/blog\/wp-content\/uploads\/2-1200x600px.jpg","jetpack_publicize_connections":[],"jetpack_sharing_enabled":true,"jetpack_shortlink":"https:\/\/wp.me\/p8cm9e-k0","_links":{"self":[{"href":"https:\/\/fotojoker.pl\/blog\/wp-json\/wp\/v2\/posts\/1240"}],"collection":[{"href":"https:\/\/fotojoker.pl\/blog\/wp-json\/wp\/v2\/posts"}],"about":[{"href":"https:\/\/fotojoker.pl\/blog\/wp-json\/wp\/v2\/types\/post"}],"author":[{"embeddable":true,"href":"https:\/\/fotojoker.pl\/blog\/wp-json\/wp\/v2\/users\/4"}],"replies":[{"embeddable":true,"href":"https:\/\/fotojoker.pl\/blog\/wp-json\/wp\/v2\/comments?post=1240"}],"version-history":[{"count":4,"href":"https:\/\/fotojoker.pl\/blog\/wp-json\/wp\/v2\/posts\/1240\/revisions"}],"predecessor-version":[{"id":2925,"href":"https:\/\/fotojoker.pl\/blog\/wp-json\/wp\/v2\/posts\/1240\/revisions\/2925"}],"wp:featuredmedia":[{"embeddable":true,"href":"https:\/\/fotojoker.pl\/blog\/wp-json\/wp\/v2\/media\/1246"}],"wp:attachment":[{"href":"https:\/\/fotojoker.pl\/blog\/wp-json\/wp\/v2\/media?parent=1240"}],"wp:term":[{"taxonomy":"category","embeddable":true,"href":"https:\/\/fotojoker.pl\/blog\/wp-json\/wp\/v2\/categories?post=1240"},{"taxonomy":"post_tag","embeddable":true,"href":"https:\/\/fotojoker.pl\/blog\/wp-json\/wp\/v2\/tags?post=1240"}],"curies":[{"name":"wp","href":"https:\/\/api.w.org\/{rel}","templated":true}]}}