{"id":3231,"date":"2017-07-10T06:55:40","date_gmt":"2017-07-10T06:55:40","guid":{"rendered":"https:\/\/fotojoker.pl\/blog\/?p=3231"},"modified":"2023-10-19T13:00:29","modified_gmt":"2023-10-19T13:00:29","slug":"czarno-biale-zdjecia","status":"publish","type":"post","link":"https:\/\/fotojoker.pl\/blog\/czarno-biale-zdjecia\/","title":{"rendered":"Czarno-bia\u0142e zdj\u0119cia &#8211; Kiedy\u015b konieczno\u015b\u0107, dzi\u015b wyb\u00f3r"},"content":{"rendered":"<div class=\"pntrst_main_before_after\"><\/div><p style=\"text-align: justify;\">Symbolika czerni jest do\u015b\u0107 zr\u00f3\u017cnicowana. Polakom i kulturom europejskim kojarzy si\u0119 z pogrzebem, \u017ca\u0142ob\u0105. Budzi r\u00f3wnie\u017c skojarzenia z elegancj\u0105, wyrafinowaniem, tajemnic\u0105. Staro\u017cytni Egipcjanie i Indianie uznawali czer\u0144 za kolor \u017cycia. Chi\u0144czycy w czarnej barwie widz\u0105 szcz\u0119\u015bcie i przypisuj\u0105 znaczenie m\u0142odo\u015bci. Jak widzimy, czarny kolor ma du\u017co interpretacji, podobnie jak zdj\u0119cia, kt\u00f3re mimo ograniczenia tylko do dw\u00f3ch barw, zyskuj\u0105 na klimacie. Oto czarno-bia\u0142e zdj\u0119cia naszym okiem.<\/p>\n<p><!--more--><\/p>\n<p style=\"text-align: center;\"><strong>Dwa kolory, mn\u00f3stwo pomys\u0142\u00f3w<br \/>\n<\/strong><\/p>\n<p style=\"text-align: justify;\">Teraz oczywi\u015bcie mamy do dyspozycji r\u00f3\u017cne filtry czy programy graficzne. Dawniej fotografowie mieli do dyspozycji tylko 2 kolory &#8211; pierwsze kolorowe zdj\u0119cie powsta\u0142o w 1861 roku i przedstawia\u0142o wst\u0105\u017ck\u0119.\u00a0 Skupiamy si\u0119 jednak na czerni i bieli. Obecnie, korzystaj\u0105c ze zdobyczy techniki, mo\u017cemy najpierw \u0142atwo zrobi\u0107 mn\u00f3stwo fotografii, a potem jeszcze \u0142atwiej zdecydowa\u0107, kt\u00f3re przerobi\u0107 na klimatyczne, czarno-bia\u0142e zdj\u0119cia.<\/p>\n<div id=\"attachment_3242\" style=\"width: 478px\" class=\"wp-caption aligncenter\"><img aria-describedby=\"caption-attachment-3242\" decoding=\"async\" loading=\"lazy\" class=\"wp-image-3242\" src=\"https:\/\/fotojoker.pl\/blog\/wp-content\/uploads\/fot5.jpg\" alt=\"czarno-bia\u0142e zdj\u0119cia\" width=\"468\" height=\"350\" srcset=\"https:\/\/fotoservice.fotojoker.pl\/blog\/wp-content\/uploads\/fot5.jpg 599w, https:\/\/fotoservice.fotojoker.pl\/blog\/wp-content\/uploads\/fot5-300x224.jpg 300w, https:\/\/fotoservice.fotojoker.pl\/blog\/wp-content\/uploads\/fot5-356x267.jpg 356w\" sizes=\"(max-width: 468px) 100vw, 468px\" \/><p id=\"caption-attachment-3242\" class=\"wp-caption-text\">fot. Rafa\u0142 Wa\u0142\u0119ka<\/p><\/div>\n<div id=\"attachment_3250\" style=\"width: 461px\" class=\"wp-caption aligncenter\"><img aria-describedby=\"caption-attachment-3250\" decoding=\"async\" loading=\"lazy\" class=\"wp-image-3250\" src=\"https:\/\/fotojoker.pl\/blog\/wp-content\/uploads\/pes.jpg\" alt=\"czarno-bia\u0142e zdj\u0119cia\" width=\"451\" height=\"359\" srcset=\"https:\/\/fotoservice.fotojoker.pl\/blog\/wp-content\/uploads\/pes.jpg 598w, https:\/\/fotoservice.fotojoker.pl\/blog\/wp-content\/uploads\/pes-300x239.jpg 300w\" sizes=\"(max-width: 451px) 100vw, 451px\" \/><p id=\"caption-attachment-3250\" class=\"wp-caption-text\">fot. Rafa\u0142 Wa\u0142\u0119ka<\/p><\/div>\n<p style=\"text-align: center;\"><strong>Cie\u0144, kt\u00f3ry nie tylko skrywa<br \/>\n<\/strong><\/p>\n<p style=\"text-align: justify;\">Tajemniczo\u015b\u0107 czarnego koloru to oczywi\u015bcie cie\u0144, kt\u00f3ry mo\u017ce skrywa\u0107 r\u00f3\u017cne rzeczy. Maj\u0105c przed sob\u0105\u00a0 fotografi\u0119 czarno-bia\u0142\u0105 i kolorow\u0105 za powa\u017cniejsz\u0105 uznamy t\u0119 w czerni i bieli \u2013 tak przecie\u017c pod\u015bwiadomie nakazuje nam kultura, w kt\u00f3rej si\u0119 wychowali\u015bmy.<strong>\u00a0\u00a0\u00a0\u00a0\u00a0\u00a0\u00a0\u00a0\u00a0\u00a0\u00a0\u00a0\u00a0\u00a0\u00a0\u00a0\u00a0\u00a0\u00a0\u00a0\u00a0\u00a0<\/strong><\/p>\n<div id=\"attachment_3241\" style=\"width: 399px\" class=\"wp-caption aligncenter\"><img aria-describedby=\"caption-attachment-3241\" decoding=\"async\" loading=\"lazy\" class=\"wp-image-3241\" src=\"https:\/\/fotojoker.pl\/blog\/wp-content\/uploads\/fot4.jpg\" alt=\"czarno-bia\u0142e zdj\u0119cia\" width=\"389\" height=\"489\" srcset=\"https:\/\/fotoservice.fotojoker.pl\/blog\/wp-content\/uploads\/fot4.jpg 477w, https:\/\/fotoservice.fotojoker.pl\/blog\/wp-content\/uploads\/fot4-239x300.jpg 239w\" sizes=\"(max-width: 389px) 100vw, 389px\" \/><p id=\"caption-attachment-3241\" class=\"wp-caption-text\">fot. Rafa\u0142 Wa\u0142\u0119ka<\/p><\/div>\n<p style=\"text-align: center;\"><strong>Nie tylko czer\u0144<\/strong><\/p>\n<p style=\"text-align: justify;\">Wspominali\u015bmy o symbolice koloru czarnego. Jednak r\u00f3wnie wa\u017cna w fotografii czarno-bia\u0142ej jest przecie\u017c biel. Dla kultury europejskiej to niewinno\u015b\u0107, czysto\u015b\u0107, \u015bwiat\u0142o, a w staro\u017cytnym Egipcie i do dzi\u015b w Chinach, biel \u0142\u0105czono i \u0142\u0105czy si\u0119 ze \u015bmierci\u0105 (pustynia, ko\u015bci itd.). Wed\u0142ug mnie biel po prostu\u00a0 doskonale s\u0142u\u017cy podkre\u015bleniu czerni na zdj\u0119ciu.<\/p>\n<p style=\"text-align: center;\"><strong>Szczypta koloru nie zaszkodzi<br \/>\n<\/strong><\/p>\n<div id=\"attachment_3246\" style=\"width: 200px\" class=\"wp-caption alignleft\"><img aria-describedby=\"caption-attachment-3246\" decoding=\"async\" loading=\"lazy\" class=\"wp-image-3246\" src=\"https:\/\/fotojoker.pl\/blog\/wp-content\/uploads\/foto2.jpg\" alt=\"czarno-bia\u0142e zdj\u0119cia\" width=\"190\" height=\"239\" srcset=\"https:\/\/fotoservice.fotojoker.pl\/blog\/wp-content\/uploads\/foto2.jpg 477w, https:\/\/fotoservice.fotojoker.pl\/blog\/wp-content\/uploads\/foto2-239x300.jpg 239w\" sizes=\"(max-width: 190px) 100vw, 190px\" \/><p id=\"caption-attachment-3246\" class=\"wp-caption-text\">fot. Rafa\u0142 Wa\u0142\u0119ka<\/p><\/div>\n<div id=\"attachment_3248\" style=\"width: 201px\" class=\"wp-caption alignleft\"><img aria-describedby=\"caption-attachment-3248\" decoding=\"async\" loading=\"lazy\" class=\"wp-image-3248\" src=\"https:\/\/fotojoker.pl\/blog\/wp-content\/uploads\/fotoartyku\u0142.jpg\" alt=\"czarno-bia\u0142e zdj\u0119cia\" width=\"191\" height=\"239\" srcset=\"https:\/\/fotoservice.fotojoker.pl\/blog\/wp-content\/uploads\/fotoartyku\u0142.jpg 479w, https:\/\/fotoservice.fotojoker.pl\/blog\/wp-content\/uploads\/fotoartyku\u0142-240x300.jpg 240w\" sizes=\"(max-width: 191px) 100vw, 191px\" \/><p id=\"caption-attachment-3248\" class=\"wp-caption-text\">fot. Rafa\u0142 Wa\u0142\u0119ka<\/p><\/div>\n<p style=\"text-align: justify;\">Skoro biel uwydatnia czer\u0144 i odwrotnie, to mo\u017ce doda\u0107 kolorowy akcent? Do takich zdj\u0119\u0107 cz\u0119sto wystarczy smartfon, odpowiednia aplikacja i szczypta kreatywno\u015bci. Maj\u0105c czarno-bia\u0142e zdj\u0119cie mo\u017cemy tak szczeg\u00f3lnie zaakcentowa\u0107 wa\u017cny dla nas fragment lub cz\u0142owieka w t\u0142umie.<\/p>\n<h4><\/h4>\n<h4><\/h4>\n<h4><\/h4>\n<p>&nbsp;<\/p>\n<p style=\"text-align: center;\"><strong>Do czego najlepiej u\u017cywa\u0107 czerni i bieli?<\/strong><\/p>\n<p style=\"text-align: justify;\">Teoretycznie ka\u017cde zdj\u0119cie mo\u017ce by\u0107 czarno-bia\u0142e, je\u015bli uznajemy, \u017ce tak\u0105 mamy wizj\u0119. Jednak w szczeg\u00f3lno\u015bci polecamy taki zabieg, je\u015bli chcemy wi\u0119cej surowo\u015bci, powagi i klimatu. Czarno-bia\u0142a fotografia charakteryzuje si\u0119 te\u017c prostot\u0105 kompozycji, wi\u0119c niekoniecznie nale\u017cy si\u0119ga\u0107 po zdj\u0119cia z du\u017c\u0105 ilo\u015bci\u0105 rzeczy (z drugiej strony nie ma zakazu je\u015bli chcemy pokaza\u0107 t\u0142um ludzi).<\/p>\n<div id=\"attachment_3247\" style=\"width: 607px\" class=\"wp-caption aligncenter\"><img aria-describedby=\"caption-attachment-3247\" decoding=\"async\" loading=\"lazy\" class=\"wp-image-3247 size-full\" src=\"https:\/\/fotojoker.pl\/blog\/wp-content\/uploads\/foto3.jpg\" alt=\"czarno-bia\u0142e zdj\u0119cia\" width=\"597\" height=\"337\" srcset=\"https:\/\/fotoservice.fotojoker.pl\/blog\/wp-content\/uploads\/foto3.jpg 597w, https:\/\/fotoservice.fotojoker.pl\/blog\/wp-content\/uploads\/foto3-300x169.jpg 300w\" sizes=\"(max-width: 597px) 100vw, 597px\" \/><p id=\"caption-attachment-3247\" class=\"wp-caption-text\">fot. Rafa\u0142 Wa\u0142\u0119ka<\/p><\/div>\n<p style=\"text-align: center;\"><strong>Dlaczego warto? \u00a0\u00a0<\/strong><\/p>\n<p style=\"text-align: justify;\">Ograniczenia cz\u0119sto uaktywniaj\u0105 kreatywno\u015b\u0107. Maj\u0105c do dyspozycji tylko dwa kolory musimy gra\u0107 \u015bwiat\u0142em i cieniami tak, aby jak najciekawiej odda\u0107 tre\u015b\u0107 fotografii. Np. kiedy\u015b by\u0142o to przeszkod\u0105, podobnie jak wyra\u017ane na zdj\u0119ciu ziarno, a dzi\u015b mo\u017ce by\u0107 zalet\u0105. Teraz samodzielnie wprowadzamy sobie takie drobne ograniczenia, by wyra\u017ca\u0107 si\u0119 poprzez fotografi\u0119 bardziej artystycznie. Dla mnie czarno-bia\u0142e zdj\u0119cia to dziedzina, w kt\u00f3rej wa\u017cniejsze jest wprawne oko i wizja ni\u017c szczeg\u00f3\u0142y techniczne.<\/p>\n<h4 style=\"text-align: center;\"><strong>Gdy ju\u017c mamy ciekawe, czarno-bia\u0142e zdj\u0119cia, co dalej?<\/strong><\/h4>\n<p>Gdy ju\u017c wykonamy interesuj\u0105ce fotografie to warto je zaprezentowa\u0107 na kilka sposob\u00f3w:<\/p>\n<ul>\n<li><a href=\"https:\/\/www.cewe.pl\/obraz-ze-zdjeciem.html\">CEWE FOTOOBRAZY\u00a0 (kliknij, aby przej\u015b\u0107) <\/a><\/li>\n<\/ul>\n<p><img decoding=\"async\" loading=\"lazy\" class=\"alignnone wp-image-3238 size-full\" src=\"https:\/\/fotojoker.pl\/blog\/wp-content\/uploads\/fotoobrazy-1.jpg\" alt=\"czarno-bia\u0142e zdj\u0119cia\" width=\"955\" height=\"337\" srcset=\"https:\/\/fotoservice.fotojoker.pl\/blog\/wp-content\/uploads\/fotoobrazy-1.jpg 955w, https:\/\/fotoservice.fotojoker.pl\/blog\/wp-content\/uploads\/fotoobrazy-1-300x106.jpg 300w, https:\/\/fotoservice.fotojoker.pl\/blog\/wp-content\/uploads\/fotoobrazy-1-768x271.jpg 768w, https:\/\/fotoservice.fotojoker.pl\/blog\/wp-content\/uploads\/fotoobrazy-1-730x258.jpg 730w\" sizes=\"(max-width: 955px) 100vw, 955px\" \/><\/p>\n<ul>\n<li><a href=\"https:\/\/www.cewe.pl\/cewe-fotoksiazka.html\">CEWE FOTOKSI\u0104\u017bKA (kliknij, aby zobaczy\u0107 ofert\u0119)<\/a><\/li>\n<\/ul>\n<p><a href=\"https:\/\/www.cewe-fotoksiazka.pl\/przyklady\/fotoksiazka\/4107\"><img decoding=\"async\" loading=\"lazy\" class=\"alignnone wp-image-3236 size-full\" src=\"https:\/\/fotojoker.pl\/blog\/wp-content\/uploads\/dflt_cfb_te_format_xxl_panorama.jpg\" alt=\"czarno-bia\u0142e zdj\u0119cia\" width=\"918\" height=\"338\" srcset=\"https:\/\/fotoservice.fotojoker.pl\/blog\/wp-content\/uploads\/dflt_cfb_te_format_xxl_panorama.jpg 918w, https:\/\/fotoservice.fotojoker.pl\/blog\/wp-content\/uploads\/dflt_cfb_te_format_xxl_panorama-300x110.jpg 300w, https:\/\/fotoservice.fotojoker.pl\/blog\/wp-content\/uploads\/dflt_cfb_te_format_xxl_panorama-768x283.jpg 768w, https:\/\/fotoservice.fotojoker.pl\/blog\/wp-content\/uploads\/dflt_cfb_te_format_xxl_panorama-730x269.jpg 730w\" sizes=\"(max-width: 918px) 100vw, 918px\" \/><\/a><\/p>\n<p>&#8222;W kr\u00f3lestwie dymu&#8221; &#8211; Tomasz Okoniewski<\/p>\n<p><a href=\"https:\/\/www.cewe-fotoksiazka.pl\/przyklady\/fotoksiazka\/4107\"><img decoding=\"async\" loading=\"lazy\" class=\"alignnone wp-image-3234 size-full\" src=\"https:\/\/fotojoker.pl\/blog\/wp-content\/uploads\/co\u015b-ta.jpg\" alt=\"czarno-bia\u0142e zdj\u0119cia\" width=\"915\" height=\"337\" srcset=\"https:\/\/fotoservice.fotojoker.pl\/blog\/wp-content\/uploads\/co\u015b-ta.jpg 915w, https:\/\/fotoservice.fotojoker.pl\/blog\/wp-content\/uploads\/co\u015b-ta-300x110.jpg 300w, https:\/\/fotoservice.fotojoker.pl\/blog\/wp-content\/uploads\/co\u015b-ta-768x283.jpg 768w, https:\/\/fotoservice.fotojoker.pl\/blog\/wp-content\/uploads\/co\u015b-ta-730x269.jpg 730w\" sizes=\"(max-width: 915px) 100vw, 915px\" \/><\/a><\/p>\n<p>&#8222;W kr\u00f3lestwie dymu&#8221; &#8211; Tomasz Okoniewski<\/p>\n<p><a href=\"https:\/\/www.cewe-fotoksiazka.pl\/przyklady\/fotoksiazka\/3842\"><img decoding=\"async\" loading=\"lazy\" class=\"aligncenter wp-image-3235 size-full\" src=\"https:\/\/fotojoker.pl\/blog\/wp-content\/uploads\/kolejna.jpg\" alt=\"CEWE FOTOKSI\u0104\u017bKA przyk\u0142ad 3. Czarno-bia\u0142e zdj\u0119cia 12\" width=\"889\" height=\"387\" srcset=\"https:\/\/fotoservice.fotojoker.pl\/blog\/wp-content\/uploads\/kolejna.jpg 889w, https:\/\/fotoservice.fotojoker.pl\/blog\/wp-content\/uploads\/kolejna-300x131.jpg 300w, https:\/\/fotoservice.fotojoker.pl\/blog\/wp-content\/uploads\/kolejna-768x334.jpg 768w, https:\/\/fotoservice.fotojoker.pl\/blog\/wp-content\/uploads\/kolejna-730x318.jpg 730w\" sizes=\"(max-width: 889px) 100vw, 889px\" \/><\/a>&#8222;Marcin Ba\u0142a&#8221; &#8211; Marcin Ba\u0142a<\/p>\n<p><a href=\"https:\/\/www.cewe-fotoksiazka.pl\/przyklady\/fotoksiazka\/4107\"><img decoding=\"async\" loading=\"lazy\" class=\"alignnone wp-image-3237 size-full\" src=\"https:\/\/fotojoker.pl\/blog\/wp-content\/uploads\/new.jpg\" alt=\"CEWE FOTOKSI\u0104\u017bKA przyk\u0142ad. Czarno-bia\u0142e zdj\u0119cia 14\" width=\"883\" height=\"385\" srcset=\"https:\/\/fotoservice.fotojoker.pl\/blog\/wp-content\/uploads\/new.jpg 883w, https:\/\/fotoservice.fotojoker.pl\/blog\/wp-content\/uploads\/new-300x131.jpg 300w, https:\/\/fotoservice.fotojoker.pl\/blog\/wp-content\/uploads\/new-768x335.jpg 768w, https:\/\/fotoservice.fotojoker.pl\/blog\/wp-content\/uploads\/new-730x318.jpg 730w\" sizes=\"(max-width: 883px) 100vw, 883px\" \/><\/a><\/p>\n<p>&#8222;Marcin Ba\u0142a&#8221; &#8211; Marcin Ba\u0142a<\/p>\n<ul>\n<li>Po prostu <a href=\"https:\/\/www.cewe.pl\/zdjecia.html\">odbitki <\/a>lub <a href=\"https:\/\/www.cewe.pl\/zdjecia\/retro.html\">zdj\u0119cia retro<\/a>, kt\u00f3re mo\u017cesz skomponowa\u0107 w ciekawy spos\u00f3b.<\/li>\n<\/ul>\n<p><img decoding=\"async\" loading=\"lazy\" class=\"aligncenter wp-image-3258 size-full\" src=\"https:\/\/fotojoker.pl\/blog\/wp-content\/uploads\/dflt_dettab_pho_polaroid_prints_01.jpg\" alt=\"odbitki i zdj\u0119cia retro na \u015bcianie. Czarno-bia\u0142e zdj\u0119cia 15\" width=\"500\" height=\"320\" srcset=\"https:\/\/fotoservice.fotojoker.pl\/blog\/wp-content\/uploads\/dflt_dettab_pho_polaroid_prints_01.jpg 500w, https:\/\/fotoservice.fotojoker.pl\/blog\/wp-content\/uploads\/dflt_dettab_pho_polaroid_prints_01-300x192.jpg 300w\" sizes=\"(max-width: 500px) 100vw, 500px\" \/><\/p>\n<p><strong>\u0179r\u00f3d\u0142o zdj\u0119\u0107:<\/strong> Rafa\u0142 Wa\u0142\u0119ka (archiwum w\u0142asne), Obrazek g\u0142\u00f3wny (starszy Pan z psem) to z<span id=\"fbPhotoSnowliftCaption\" class=\"fbPhotosPhotoCaption\" tabindex=\"0\" data-ft=\"{&quot;tn&quot;:&quot;K&quot;}\"><span class=\"hasCaption\">dj\u0119cie miesi\u0105ca kategorii &#8222;Ludzie&#8221; w konkursie &#8222;<a href=\"http:\/\/contest.cewe-fotoksiazka.pl\/beautiful-world-2016\">Our World Is Beautiful&#8221;<\/a> &#8211; autorem jest Vlastimil Cejka<\/span><\/span><\/p>\n<div class=\"pntrst_main_before_after\"><\/div>","protected":false},"excerpt":{"rendered":"<p>Symbolika czerni jest do\u015b\u0107 zr\u00f3\u017cnicowana. Polakom i kulturom europejskim kojarzy si\u0119 z pogrzebem, \u017ca\u0142ob\u0105. Budzi r\u00f3wnie\u017c skojarzenia z elegancj\u0105, wyrafinowaniem, tajemnic\u0105. Staro\u017cytni Egipcjanie i Indianie uznawali czer\u0144 za kolor \u017cycia. Chi\u0144czycy w czarnej barwie widz\u0105 szcz\u0119\u015bcie i przypisuj\u0105 znaczenie m\u0142odo\u015bci. Jak widzimy, czarny kolor ma du\u017co interpretacji, podobnie jak zdj\u0119cia, kt\u00f3re mimo ograniczenia tylko do [&hellip;]<\/p>\n","protected":false},"author":8,"featured_media":3233,"comment_status":"open","ping_status":"open","sticky":false,"template":"","format":"standard","meta":{"inline_featured_image":false,"spay_email":"","jetpack_publicize_message":"","jetpack_is_tweetstorm":false,"jetpack_publicize_feature_enabled":true},"categories":[201,120],"tags":[],"yoast_head":"<!-- This site is optimized with the Yoast SEO plugin v19.1 - https:\/\/yoast.com\/wordpress\/plugins\/seo\/ -->\n<title>Czarno-bia\u0142e zdj\u0119cia - Kiedy\u015b konieczno\u015b\u0107, dzi\u015b wyb\u00f3r artystyczny<\/title>\n<meta name=\"description\" content=\"Mimo wi\u0119kszych mo\u017cliwo\u015bci technicznych, \u015bwiadomie wracamy do pewnych ogranicze\u0144. Czarno-bia\u0142e zdj\u0119cia wymagaj\u0105 kreatywno\u015bci, wi\u0119c czy warto si\u0119 m\u0119czy\u0107?\" \/>\n<meta name=\"robots\" content=\"index, follow, max-snippet:-1, max-image-preview:large, max-video-preview:-1\" \/>\n<link rel=\"canonical\" href=\"https:\/\/fotojoker.pl\/blog\/czarno-biale-zdjecia\/\" \/>\n<meta property=\"og:locale\" content=\"pl_PL\" \/>\n<meta property=\"og:type\" content=\"article\" \/>\n<meta property=\"og:title\" content=\"Czarno-bia\u0142e zdj\u0119cia - Kiedy\u015b konieczno\u015b\u0107, dzi\u015b wyb\u00f3r artystyczny\" \/>\n<meta property=\"og:description\" content=\"Mimo wi\u0119kszych mo\u017cliwo\u015bci technicznych, \u015bwiadomie wracamy do pewnych ogranicze\u0144. Czarno-bia\u0142e zdj\u0119cia wymagaj\u0105 kreatywno\u015bci, wi\u0119c czy warto si\u0119 m\u0119czy\u0107?\" \/>\n<meta property=\"og:url\" content=\"https:\/\/fotojoker.pl\/blog\/czarno-biale-zdjecia\/\" \/>\n<meta property=\"og:site_name\" content=\"Blog FOTOJOKER.pl\" \/>\n<meta property=\"article:published_time\" content=\"2017-07-10T06:55:40+00:00\" \/>\n<meta property=\"article:modified_time\" content=\"2023-10-19T13:00:29+00:00\" \/>\n<meta property=\"og:image\" content=\"https:\/\/fotoservice.fotojoker.pl\/blog\/wp-content\/uploads\/Vlastimil-Cejka-zdjecie-miesi\u0105ca-w-kategori-Ludzie.jpg\" \/>\n\t<meta property=\"og:image:width\" content=\"960\" \/>\n\t<meta property=\"og:image:height\" content=\"640\" \/>\n\t<meta property=\"og:image:type\" content=\"image\/jpeg\" \/>\n<meta name=\"twitter:card\" content=\"summary\" \/>\n<meta name=\"twitter:label1\" content=\"Napisane przez\" \/>\n\t<meta name=\"twitter:data1\" content=\"Rafa\u0142 Wa\u0142\u0119ka\" \/>\n\t<meta name=\"twitter:label2\" content=\"Szacowany czas czytania\" \/>\n\t<meta name=\"twitter:data2\" content=\"3 minuty\" \/>\n<script type=\"application\/ld+json\" class=\"yoast-schema-graph\">{\"@context\":\"https:\/\/schema.org\",\"@graph\":[{\"@type\":\"WebSite\",\"@id\":\"https:\/\/fotojoker.pl\/blog\/#website\",\"url\":\"https:\/\/fotojoker.pl\/blog\/\",\"name\":\"Blog FOTOJOKER.pl\",\"description\":\"Blog fotograficzny - to i owo dla ka\u017cdego fana robienia zdj\u0119\u0107 i czego\u015b z tych zdj\u0119\u0107.\",\"potentialAction\":[{\"@type\":\"SearchAction\",\"target\":{\"@type\":\"EntryPoint\",\"urlTemplate\":\"https:\/\/fotojoker.pl\/blog\/?s={search_term_string}\"},\"query-input\":\"required name=search_term_string\"}],\"inLanguage\":\"pl-PL\"},{\"@type\":\"ImageObject\",\"inLanguage\":\"pl-PL\",\"@id\":\"https:\/\/fotojoker.pl\/blog\/czarno-biale-zdjecia\/#primaryimage\",\"url\":\"https:\/\/fotoservice.fotojoker.pl\/blog\/wp-content\/uploads\/Vlastimil-Cejka-zdjecie-miesi\u0105ca-w-kategori-Ludzie.jpg\",\"contentUrl\":\"https:\/\/fotoservice.fotojoker.pl\/blog\/wp-content\/uploads\/Vlastimil-Cejka-zdjecie-miesi\u0105ca-w-kategori-Ludzie.jpg\",\"width\":960,\"height\":640,\"caption\":\"\\\"Our World Is Beautiful\\\" - fot. Vlastimil Cejka\"},{\"@type\":\"WebPage\",\"@id\":\"https:\/\/fotojoker.pl\/blog\/czarno-biale-zdjecia\/#webpage\",\"url\":\"https:\/\/fotojoker.pl\/blog\/czarno-biale-zdjecia\/\",\"name\":\"Czarno-bia\u0142e zdj\u0119cia - Kiedy\u015b konieczno\u015b\u0107, dzi\u015b wyb\u00f3r artystyczny\",\"isPartOf\":{\"@id\":\"https:\/\/fotojoker.pl\/blog\/#website\"},\"primaryImageOfPage\":{\"@id\":\"https:\/\/fotojoker.pl\/blog\/czarno-biale-zdjecia\/#primaryimage\"},\"datePublished\":\"2017-07-10T06:55:40+00:00\",\"dateModified\":\"2023-10-19T13:00:29+00:00\",\"author\":{\"@id\":\"https:\/\/fotojoker.pl\/blog\/#\/schema\/person\/2633463810d76099c413154648c7f136\"},\"description\":\"Mimo wi\u0119kszych mo\u017cliwo\u015bci technicznych, \u015bwiadomie wracamy do pewnych ogranicze\u0144. Czarno-bia\u0142e zdj\u0119cia wymagaj\u0105 kreatywno\u015bci, wi\u0119c czy warto si\u0119 m\u0119czy\u0107?\",\"breadcrumb\":{\"@id\":\"https:\/\/fotojoker.pl\/blog\/czarno-biale-zdjecia\/#breadcrumb\"},\"inLanguage\":\"pl-PL\",\"potentialAction\":[{\"@type\":\"ReadAction\",\"target\":[\"https:\/\/fotojoker.pl\/blog\/czarno-biale-zdjecia\/\"]}]},{\"@type\":\"BreadcrumbList\",\"@id\":\"https:\/\/fotojoker.pl\/blog\/czarno-biale-zdjecia\/#breadcrumb\",\"itemListElement\":[{\"@type\":\"ListItem\",\"position\":1,\"name\":\"Strona g\u0142\u00f3wna\",\"item\":\"https:\/\/fotojoker.pl\/blog\/\"},{\"@type\":\"ListItem\",\"position\":2,\"name\":\"Czarno-bia\u0142e zdj\u0119cia &#8211; Kiedy\u015b konieczno\u015b\u0107, dzi\u015b wyb\u00f3r\"}]},{\"@type\":\"Person\",\"@id\":\"https:\/\/fotojoker.pl\/blog\/#\/schema\/person\/2633463810d76099c413154648c7f136\",\"name\":\"Rafa\u0142 Wa\u0142\u0119ka\",\"image\":{\"@type\":\"ImageObject\",\"inLanguage\":\"pl-PL\",\"@id\":\"https:\/\/fotojoker.pl\/blog\/#\/schema\/person\/image\/\",\"url\":\"https:\/\/fotoservice.fotojoker.pl\/blog\/wp-content\/uploads\/user_1240032_b27236_huge-100x100.jpg\",\"contentUrl\":\"https:\/\/fotoservice.fotojoker.pl\/blog\/wp-content\/uploads\/user_1240032_b27236_huge-100x100.jpg\",\"caption\":\"Rafa\u0142 Wa\u0142\u0119ka\"},\"description\":\"Zawodowo Specjalista ds. Content Marketingu, a prywatnie fan ksi\u0105\u017cek, dobrego filmu oraz sportu i fotografii.\",\"url\":\"https:\/\/fotojoker.pl\/blog\/author\/rafal\/\"}]}<\/script>\n<!-- \/ Yoast SEO plugin. -->","yoast_head_json":{"title":"Czarno-bia\u0142e zdj\u0119cia - Kiedy\u015b konieczno\u015b\u0107, dzi\u015b wyb\u00f3r artystyczny","description":"Mimo wi\u0119kszych mo\u017cliwo\u015bci technicznych, \u015bwiadomie wracamy do pewnych ogranicze\u0144. Czarno-bia\u0142e zdj\u0119cia wymagaj\u0105 kreatywno\u015bci, wi\u0119c czy warto si\u0119 m\u0119czy\u0107?","robots":{"index":"index","follow":"follow","max-snippet":"max-snippet:-1","max-image-preview":"max-image-preview:large","max-video-preview":"max-video-preview:-1"},"canonical":"https:\/\/fotojoker.pl\/blog\/czarno-biale-zdjecia\/","og_locale":"pl_PL","og_type":"article","og_title":"Czarno-bia\u0142e zdj\u0119cia - Kiedy\u015b konieczno\u015b\u0107, dzi\u015b wyb\u00f3r artystyczny","og_description":"Mimo wi\u0119kszych mo\u017cliwo\u015bci technicznych, \u015bwiadomie wracamy do pewnych ogranicze\u0144. Czarno-bia\u0142e zdj\u0119cia wymagaj\u0105 kreatywno\u015bci, wi\u0119c czy warto si\u0119 m\u0119czy\u0107?","og_url":"https:\/\/fotojoker.pl\/blog\/czarno-biale-zdjecia\/","og_site_name":"Blog FOTOJOKER.pl","article_published_time":"2017-07-10T06:55:40+00:00","article_modified_time":"2023-10-19T13:00:29+00:00","og_image":[{"width":960,"height":640,"url":"https:\/\/fotoservice.fotojoker.pl\/blog\/wp-content\/uploads\/Vlastimil-Cejka-zdjecie-miesi\u0105ca-w-kategori-Ludzie.jpg","type":"image\/jpeg"}],"twitter_card":"summary","twitter_misc":{"Napisane przez":"Rafa\u0142 Wa\u0142\u0119ka","Szacowany czas czytania":"3 minuty"},"schema":{"@context":"https:\/\/schema.org","@graph":[{"@type":"WebSite","@id":"https:\/\/fotojoker.pl\/blog\/#website","url":"https:\/\/fotojoker.pl\/blog\/","name":"Blog FOTOJOKER.pl","description":"Blog fotograficzny - to i owo dla ka\u017cdego fana robienia zdj\u0119\u0107 i czego\u015b z tych zdj\u0119\u0107.","potentialAction":[{"@type":"SearchAction","target":{"@type":"EntryPoint","urlTemplate":"https:\/\/fotojoker.pl\/blog\/?s={search_term_string}"},"query-input":"required name=search_term_string"}],"inLanguage":"pl-PL"},{"@type":"ImageObject","inLanguage":"pl-PL","@id":"https:\/\/fotojoker.pl\/blog\/czarno-biale-zdjecia\/#primaryimage","url":"https:\/\/fotoservice.fotojoker.pl\/blog\/wp-content\/uploads\/Vlastimil-Cejka-zdjecie-miesi\u0105ca-w-kategori-Ludzie.jpg","contentUrl":"https:\/\/fotoservice.fotojoker.pl\/blog\/wp-content\/uploads\/Vlastimil-Cejka-zdjecie-miesi\u0105ca-w-kategori-Ludzie.jpg","width":960,"height":640,"caption":"\"Our World Is Beautiful\" - fot. Vlastimil Cejka"},{"@type":"WebPage","@id":"https:\/\/fotojoker.pl\/blog\/czarno-biale-zdjecia\/#webpage","url":"https:\/\/fotojoker.pl\/blog\/czarno-biale-zdjecia\/","name":"Czarno-bia\u0142e zdj\u0119cia - Kiedy\u015b konieczno\u015b\u0107, dzi\u015b wyb\u00f3r artystyczny","isPartOf":{"@id":"https:\/\/fotojoker.pl\/blog\/#website"},"primaryImageOfPage":{"@id":"https:\/\/fotojoker.pl\/blog\/czarno-biale-zdjecia\/#primaryimage"},"datePublished":"2017-07-10T06:55:40+00:00","dateModified":"2023-10-19T13:00:29+00:00","author":{"@id":"https:\/\/fotojoker.pl\/blog\/#\/schema\/person\/2633463810d76099c413154648c7f136"},"description":"Mimo wi\u0119kszych mo\u017cliwo\u015bci technicznych, \u015bwiadomie wracamy do pewnych ogranicze\u0144. Czarno-bia\u0142e zdj\u0119cia wymagaj\u0105 kreatywno\u015bci, wi\u0119c czy warto si\u0119 m\u0119czy\u0107?","breadcrumb":{"@id":"https:\/\/fotojoker.pl\/blog\/czarno-biale-zdjecia\/#breadcrumb"},"inLanguage":"pl-PL","potentialAction":[{"@type":"ReadAction","target":["https:\/\/fotojoker.pl\/blog\/czarno-biale-zdjecia\/"]}]},{"@type":"BreadcrumbList","@id":"https:\/\/fotojoker.pl\/blog\/czarno-biale-zdjecia\/#breadcrumb","itemListElement":[{"@type":"ListItem","position":1,"name":"Strona g\u0142\u00f3wna","item":"https:\/\/fotojoker.pl\/blog\/"},{"@type":"ListItem","position":2,"name":"Czarno-bia\u0142e zdj\u0119cia &#8211; Kiedy\u015b konieczno\u015b\u0107, dzi\u015b wyb\u00f3r"}]},{"@type":"Person","@id":"https:\/\/fotojoker.pl\/blog\/#\/schema\/person\/2633463810d76099c413154648c7f136","name":"Rafa\u0142 Wa\u0142\u0119ka","image":{"@type":"ImageObject","inLanguage":"pl-PL","@id":"https:\/\/fotojoker.pl\/blog\/#\/schema\/person\/image\/","url":"https:\/\/fotoservice.fotojoker.pl\/blog\/wp-content\/uploads\/user_1240032_b27236_huge-100x100.jpg","contentUrl":"https:\/\/fotoservice.fotojoker.pl\/blog\/wp-content\/uploads\/user_1240032_b27236_huge-100x100.jpg","caption":"Rafa\u0142 Wa\u0142\u0119ka"},"description":"Zawodowo Specjalista ds. Content Marketingu, a prywatnie fan ksi\u0105\u017cek, dobrego filmu oraz sportu i fotografii.","url":"https:\/\/fotojoker.pl\/blog\/author\/rafal\/"}]}},"jetpack_featured_media_url":"https:\/\/fotoservice.fotojoker.pl\/blog\/wp-content\/uploads\/Vlastimil-Cejka-zdjecie-miesi\u0105ca-w-kategori-Ludzie.jpg","jetpack_publicize_connections":[],"jetpack_sharing_enabled":true,"jetpack_shortlink":"https:\/\/wp.me\/p8cm9e-Q7","_links":{"self":[{"href":"https:\/\/fotojoker.pl\/blog\/wp-json\/wp\/v2\/posts\/3231"}],"collection":[{"href":"https:\/\/fotojoker.pl\/blog\/wp-json\/wp\/v2\/posts"}],"about":[{"href":"https:\/\/fotojoker.pl\/blog\/wp-json\/wp\/v2\/types\/post"}],"author":[{"embeddable":true,"href":"https:\/\/fotojoker.pl\/blog\/wp-json\/wp\/v2\/users\/8"}],"replies":[{"embeddable":true,"href":"https:\/\/fotojoker.pl\/blog\/wp-json\/wp\/v2\/comments?post=3231"}],"version-history":[{"count":44,"href":"https:\/\/fotojoker.pl\/blog\/wp-json\/wp\/v2\/posts\/3231\/revisions"}],"predecessor-version":[{"id":9310,"href":"https:\/\/fotojoker.pl\/blog\/wp-json\/wp\/v2\/posts\/3231\/revisions\/9310"}],"wp:featuredmedia":[{"embeddable":true,"href":"https:\/\/fotojoker.pl\/blog\/wp-json\/wp\/v2\/media\/3233"}],"wp:attachment":[{"href":"https:\/\/fotojoker.pl\/blog\/wp-json\/wp\/v2\/media?parent=3231"}],"wp:term":[{"taxonomy":"category","embeddable":true,"href":"https:\/\/fotojoker.pl\/blog\/wp-json\/wp\/v2\/categories?post=3231"},{"taxonomy":"post_tag","embeddable":true,"href":"https:\/\/fotojoker.pl\/blog\/wp-json\/wp\/v2\/tags?post=3231"}],"curies":[{"name":"wp","href":"https:\/\/api.w.org\/{rel}","templated":true}]}}