{"id":6137,"date":"2018-12-05T13:58:22","date_gmt":"2018-12-05T13:58:22","guid":{"rendered":"https:\/\/fotojoker.pl\/blog\/?p=6137"},"modified":"2018-12-05T14:07:26","modified_gmt":"2018-12-05T14:07:26","slug":"idealny-kalendarz-na-swieta-bozego-narodzenia","status":"publish","type":"post","link":"https:\/\/fotojoker.pl\/blog\/idealny-kalendarz-na-swieta-bozego-narodzenia\/","title":{"rendered":"Idealny kalendarz na \u015awi\u0119ta Bo\u017cego Narodzenia"},"content":{"rendered":"<div class=\"pntrst_main_before_after\"><\/div><p style=\"text-align: justify;\">Wyobra\u017casz sobie \u017cycie bez kalendarza? Nie s\u0105dz\u0119. A co je\u015bli mo\u017ce on by\u0107 jednocze\u015bnie przypominaczem, pami\u0105tk\u0105, dekoracj\u0105 i prezentem? Je\u015bli w Twojej g\u0142owie pojawi\u0142 si\u0119 fotokalendarz to w porz\u0105dku, a je\u015bli my\u015blisz CEWE FOTOKALENDARZ to wiesz ju\u017c, \u017ce to najlepszy wyb\u00f3r. Bowiem podobnego dokona\u0142o ju\u017c tysi\u0105ce Klient\u00f3w. Ty te\u017c mo\u017cesz mie\u0107 takie wyj\u0105tkowe, samodzielnie stworzone dzie\u0142o, w kt\u00f3rym najpi\u0119kniejsze wspomnienia pozostan\u0105 z Tob\u0105 i najbli\u017cszymi przez ca\u0142y rok. Je\u015bli zdj\u0119cia zosta\u0142y ju\u017c wybrane, zacznij projektowa\u0107 sw\u00f3j kalendarz krok po kroku. Dlaczego warto?<\/p>\n<p><!--more--><\/p>\n<h3>Pozytywny i u\u017cyteczny prezent<\/h3>\n<p><img decoding=\"async\" loading=\"lazy\" class=\"alignleft wp-image-6239\" src=\"https:\/\/fotojoker.pl\/blog\/wp-content\/uploads\/co\u015bdflt_eve_xmas_2018_cal_part3-1.jpg\" alt=\"w\u0142asne zdj\u0119cia w kalendarzu\" width=\"235\" height=\"232\" srcset=\"https:\/\/fotoservice.fotojoker.pl\/blog\/wp-content\/uploads\/co\u015bdflt_eve_xmas_2018_cal_part3-1.jpg 543w, https:\/\/fotoservice.fotojoker.pl\/blog\/wp-content\/uploads\/co\u015bdflt_eve_xmas_2018_cal_part3-1-300x296.jpg 300w, https:\/\/fotoservice.fotojoker.pl\/blog\/wp-content\/uploads\/co\u015bdflt_eve_xmas_2018_cal_part3-1-100x100.jpg 100w\" sizes=\"(max-width: 235px) 100vw, 235px\" \/><\/p>\n<p style=\"text-align: justify;\"><a href=\"https:\/\/fotojoker.pl\/fotokalendarz.html\"><strong>CEWE FOTOKALEDARZ<\/strong><\/a> mo\u017cna wzbogaci\u0107 dowolnym tekstem. Wi\u0119c np. ciekawy cytat, motto nios\u0105ce pozytywne przes\u0142anie na \u015bwi\u0105teczny czas lub \u017cyczenia, b\u0119d\u0105 \u015bwietnym pomys\u0142em. Pierwszy tydzie\u0144 grudnia to ostatni moment na zaprojektowanie kalendarza na\u00a0 \u015awi\u0119ta Bo\u017cego Narodzenia, je\u017celi ma by\u0107 on prezentem dla kogo\u015b bliskiego.<\/p>\n<p style=\"text-align: justify;\">CEWE FOTOKALENDARZ mo\u017ce rozpoczyna\u0107 si\u0119 od dowolnego miesi\u0105ca (mo\u017ce zacz\u0105\u0107 si\u0119 od marca, lutego czy nawet od wiosny). Je\u015bli jednak chcesz to w grudniu mo\u017cesz po prostu wr\u0119czy\u0107 kalendarz zaczynaj\u0105cy si\u0119 od stycznia przysz\u0142ego roku lub grudnia roku obecnego. To Tw\u00f3j wyb\u00f3r.<\/p>\n<p style=\"text-align: justify;\">Przy projekcie musisz wykaza\u0107 si\u0119 pomys\u0142em i&#8230; czym\u015b w rodzaju przepowiadania przysz\u0142o\u015bci. Rozumiem przez to przemy\u015blenie, jakim zdj\u0119ciem uszcz\u0119\u015bliwi\u0107 blisk\u0105 osob\u0119 w danym miesi\u0105cu kolejnego roku. Np. gdy spojrzy na luty 2019, mo\u017ce niech zobaczy co\u015b walentynkowego (np. wasze wsp\u00f3lne wspomnienie), a na wiosn\u0119 co\u015b przyjemnego i zwi\u0105zanego z t\u0105 por\u0105 roku. Przemy\u015bl wi\u0119c wszystkie miesi\u0105ce i si\u0119gnij po wspomnienia uj\u0119te na ulubionych zdj\u0119ciach. Jak wi\u0119c jednocze\u015bnie patrze\u0107 w przesz\u0142o\u015b\u0107, aby cieszy\u0107 kogo\u015b na przysz\u0142o\u015b\u0107? Przemy\u015bl sobie co dobrego spotka\u0142o Ci\u0119 (lub adresata prezentowego kalendarza) w zesz\u0142ych miesi\u0105cach i umie\u015b\u0107 w fotokalendarzu zdj\u0119cia, kt\u00f3re dane chwile przypomn\u0105. Spojrzysz na nie w momentach zw\u0105tpienia lub spr\u00f3bujesz powt\u00f3rzy\u0107 sukcesy. Mo\u017ce w listopadzie zosta\u0142a\u015b mam\u0105? Mo\u017ce w lutym by\u0142e\u015b na niesamowitym wyje\u017adzie narciarskim? Mo\u017ce w maju 2018 pozna\u0142e\u015b ukochan\u0105?<\/p>\n<p><img decoding=\"async\" loading=\"lazy\" class=\"aligncenter wp-image-6241\" src=\"https:\/\/fotojoker.pl\/blog\/wp-content\/uploads\/dflt_detpop_cal_photo_wall_A2_portrait_photopaper_01-1.jpg\" alt=\"kalendarz na \u015bcian\u0119\" width=\"713\" height=\"499\" srcset=\"https:\/\/fotoservice.fotojoker.pl\/blog\/wp-content\/uploads\/dflt_detpop_cal_photo_wall_A2_portrait_photopaper_01-1.jpg 806w, https:\/\/fotoservice.fotojoker.pl\/blog\/wp-content\/uploads\/dflt_detpop_cal_photo_wall_A2_portrait_photopaper_01-1-300x210.jpg 300w, https:\/\/fotoservice.fotojoker.pl\/blog\/wp-content\/uploads\/dflt_detpop_cal_photo_wall_A2_portrait_photopaper_01-1-768x537.jpg 768w, https:\/\/fotoservice.fotojoker.pl\/blog\/wp-content\/uploads\/dflt_detpop_cal_photo_wall_A2_portrait_photopaper_01-1-730x511.jpg 730w\" sizes=\"(max-width: 713px) 100vw, 713px\" \/><\/p>\n<p>&nbsp;<\/p>\n<p><strong>Fotokalendarzowe nowo\u015bci nie tylko na \u015awi\u0119ta<br \/>\n<\/strong><\/p>\n<p style=\"text-align: justify;\">Przede wszystkim musisz dokona\u0107 odpowiedniego i przemy\u015blanego wyboru zdj\u0119\u0107, kt\u00f3re b\u0119d\u0105 po\u0142\u0105czone tematycznie lub zupe\u0142nie r\u00f3\u017cne. W takim kalendarzu \u015bciennym (czy te\u017c do postawienia na biurku) mo\u017ce te\u017c znale\u017a\u0107 si\u0119 miejsce na drobne zapiski, co jest szczeg\u00f3lnie wa\u017cne dla tych wiecznie zapracowanych. Dla takich os\u00f3b polecamy <a href=\"https:\/\/fotojoker.pl\/fotokalendarz\/terminarze.html\">personalizowane terminarze<\/a>. Dla os\u00f3b interesuj\u0105cych si\u0119 kulinariami polecamy nasz\u0105 nowo\u015b\u0107, <a href=\"https:\/\/fotojoker.pl\/fotokalendarz\/terminarze\/terminarz-kuchenny-duzy.html\">Terminarz kuchenny Du\u017cy<\/a>. To praktyczny, pod\u0142u\u017cny format w sam raz do kuchni i wysokiej jako\u015bci druk cyfrowy matowy, kt\u00f3ry odda estetyczne zalety Twoich zdj\u0119\u0107.<\/p>\n<p style=\"text-align: justify;\">Pami\u0119tajmy, \u017ce fotokalendarz to nie tylko dekoracja, ale i co\u015b co pomaga nam porz\u0105dkowa\u0107 w\u0142asny czas. Pono\u0107 Ci, kt\u00f3rzy go planuj\u0105, maj\u0105 go wi\u0119cej. Na pewno przydatny oka\u017ce si\u0119 wi\u0119c kalendarz do pracy &#8211; do biura na \u015bcian\u0119 lub w opcji na biurko. Kalendarze przydaj\u0105 si\u0119 te\u017c uczniom i studentom, a na pewno masz ich w rodzinie. Je\u015bli wi\u0119c my\u015blisz o takim ma\u0142ym prezencie na \u015awi\u0119ta, to wi\u0119c polecamy nasz\u0105 nowo\u015b\u0107, <a href=\"https:\/\/fotojoker.pl\/fotokalendarz\/kalendarze-biurkowe\/kalendarz-biurkowy-kwadratowy-duzy.html\">biurkowy kalendarz o wymiarach 21&#215;21 cm<\/a>.<\/p>\n\n\t\t<style type=\"text\/css\">\n\t\t\t#gallery-1 {\n\t\t\t\tmargin: auto;\n\t\t\t}\n\t\t\t#gallery-1 .gallery-item {\n\t\t\t\tfloat: left;\n\t\t\t\tmargin-top: 10px;\n\t\t\t\ttext-align: center;\n\t\t\t\twidth: 33%;\n\t\t\t}\n\t\t\t#gallery-1 img {\n\t\t\t\tborder: 2px solid #cfcfcf;\n\t\t\t}\n\t\t\t#gallery-1 .gallery-caption {\n\t\t\t\tmargin-left: 0;\n\t\t\t}\n\t\t\t\/* see gallery_shortcode() in wp-includes\/media.php *\/\n\t\t<\/style>\n\t\t<div id='gallery-1' class='gallery galleryid-6137 gallery-columns-3 gallery-size-thr-fa-third'><dl class='gallery-item'>\n\t\t\t<dt class='gallery-icon portrait'>\n\t\t\t\t<a href='https:\/\/fotoservice.fotojoker.pl\/blog\/wp-content\/uploads\/dflt_detpop_cal_tischkalender_quadratisch_gross-1.jpg'><img width=\"356\" height=\"267\" src=\"https:\/\/fotoservice.fotojoker.pl\/blog\/wp-content\/uploads\/dflt_detpop_cal_tischkalender_quadratisch_gross-1-356x267.jpg\" class=\"attachment-thr-fa-third size-thr-fa-third\" alt=\"kalendarz na biurko\" decoding=\"async\" loading=\"lazy\" \/><\/a>\n\t\t\t<\/dt><\/dl><dl class='gallery-item'>\n\t\t\t<dt class='gallery-icon portrait'>\n\t\t\t\t<a href='https:\/\/fotoservice.fotojoker.pl\/blog\/wp-content\/uploads\/dflt_detpop_cal_tischkalender_quadratisch_gross-4.jpg'><img width=\"356\" height=\"267\" src=\"https:\/\/fotoservice.fotojoker.pl\/blog\/wp-content\/uploads\/dflt_detpop_cal_tischkalender_quadratisch_gross-4-356x267.jpg\" class=\"attachment-thr-fa-third size-thr-fa-third\" alt=\"biurkowy kalendarz\" decoding=\"async\" loading=\"lazy\" \/><\/a>\n\t\t\t<\/dt><\/dl><dl class='gallery-item'>\n\t\t\t<dt class='gallery-icon landscape'>\n\t\t\t\t<a href='https:\/\/fotoservice.fotojoker.pl\/blog\/wp-content\/uploads\/dflt_detab_cal_tischkalender_quadratisch_gross-1.jpg'><img width=\"356\" height=\"267\" src=\"https:\/\/fotoservice.fotojoker.pl\/blog\/wp-content\/uploads\/dflt_detab_cal_tischkalender_quadratisch_gross-1-356x267.jpg\" class=\"attachment-thr-fa-third size-thr-fa-third\" alt=\"kalendarz na biurko\" decoding=\"async\" loading=\"lazy\" \/><\/a>\n\t\t\t<\/dt><\/dl><br style=\"clear: both\" \/>\n\t\t<\/div>\n\n<p>&nbsp;<\/p>\n<p><strong>Stw\u00f3rz go sam<\/strong><\/p>\n<p style=\"text-align: justify;\">Stworzony przez Ciebie <a href=\"https:\/\/fotojoker.pl\/fotokalendarz\/kalendarze-scienne.html\">fotokalendarz na \u015bcian\u0119<\/a> lub na biurko,\u00a0 b\u0119dzie niczym po\u017cyteczny obraz. Dekoracja, ale jednak i pami\u0105tka pomagaj\u0105ca odnale\u017a\u0107 si\u0119 w datach na co dzie\u0144. Im bardziej przyci\u0105gnie uwag\u0119 tym rzadziej b\u0119dziesz zapomina\u0107 o wa\u017cnych dniach. Co wa\u017cne, tworzysz go samodzielnie ze swoich zdj\u0119\u0107 i naszych szablon\u00f3w. Zalet\u0105 takiego projektowania jest te\u017c to, \u017ce jest on \u0142atwy, a jednocze\u015bnie daje satysfakcj\u0119. Nie zabiera czasu, a wr\u0119cz przeciwnie, jakby dawa\u0142 go wi\u0119cej. Mo\u017ce idealny dla Ciebie format to kolejna z naszych nowo\u015bci, czyli <a href=\"https:\/\/fotojoker.pl\/fotokalendarz\/kalendarze-scienne\/kalendarz-scienny-kwadratowy-xxl.html\">Kalendarz \u015bcienny kwadratowy XXL<\/a>? Pomy\u015bl i \u017cycz tak komu\u015b Weso\u0142ych \u015awi\u0105t.<\/p>\n<p><img decoding=\"async\" loading=\"lazy\" class=\"aligncenter wp-image-6236\" src=\"https:\/\/fotojoker.pl\/blog\/wp-content\/uploads\/dflt_eve_xmas_2018_cal_part3-2mmm.jpg\" alt=\"kalendarz na \u015awi\u0119ta\" width=\"703\" height=\"670\" srcset=\"https:\/\/fotoservice.fotojoker.pl\/blog\/wp-content\/uploads\/dflt_eve_xmas_2018_cal_part3-2mmm.jpg 970w, https:\/\/fotoservice.fotojoker.pl\/blog\/wp-content\/uploads\/dflt_eve_xmas_2018_cal_part3-2mmm-300x286.jpg 300w, https:\/\/fotoservice.fotojoker.pl\/blog\/wp-content\/uploads\/dflt_eve_xmas_2018_cal_part3-2mmm-768x732.jpg 768w, https:\/\/fotoservice.fotojoker.pl\/blog\/wp-content\/uploads\/dflt_eve_xmas_2018_cal_part3-2mmm-730x696.jpg 730w\" sizes=\"(max-width: 703px) 100vw, 703px\" \/><\/p>\n<p>&nbsp;<\/p>\n<div class=\"pntrst_main_before_after\"><\/div>","protected":false},"excerpt":{"rendered":"<p>Wyobra\u017casz sobie \u017cycie bez kalendarza? Nie s\u0105dz\u0119. A co je\u015bli mo\u017ce on by\u0107 jednocze\u015bnie przypominaczem, pami\u0105tk\u0105, dekoracj\u0105 i prezentem? Je\u015bli w Twojej g\u0142owie pojawi\u0142 si\u0119 fotokalendarz to w porz\u0105dku, a je\u015bli my\u015blisz CEWE FOTOKALENDARZ to wiesz ju\u017c, \u017ce to najlepszy wyb\u00f3r. Bowiem podobnego dokona\u0142o ju\u017c tysi\u0105ce Klient\u00f3w. Ty te\u017c mo\u017cesz mie\u0107 takie wyj\u0105tkowe, samodzielnie stworzone [&hellip;]<\/p>\n","protected":false},"author":8,"featured_media":6232,"comment_status":"open","ping_status":"open","sticky":false,"template":"","format":"standard","meta":{"inline_featured_image":false,"spay_email":"","jetpack_publicize_message":"","jetpack_is_tweetstorm":false,"jetpack_publicize_feature_enabled":true},"categories":[172,226,187],"tags":[],"yoast_head":"<!-- This site is optimized with the Yoast SEO plugin v19.1 - https:\/\/yoast.com\/wordpress\/plugins\/seo\/ -->\n<title>Idealny kalendarz na \u015awi\u0119ta Bo\u017cego Narodzenia - Blog FOTOJOKER.pl<\/title>\n<meta name=\"description\" content=\"Idealny kalendarz na \u015awi\u0119ta? To \u015bwietny czas na projekt, bo jednocze\u015bnie ko\u0144czy sie jeden rok, a zaraz zaczyna nowy. Oto Tw\u00f3j pomys\u0142 na prezent.\" \/>\n<meta name=\"robots\" content=\"index, follow, max-snippet:-1, max-image-preview:large, max-video-preview:-1\" \/>\n<link rel=\"canonical\" href=\"https:\/\/fotojoker.pl\/blog\/idealny-kalendarz-na-swieta-bozego-narodzenia\/\" \/>\n<meta property=\"og:locale\" content=\"pl_PL\" \/>\n<meta property=\"og:type\" content=\"article\" \/>\n<meta property=\"og:title\" content=\"Idealny kalendarz na \u015awi\u0119ta Bo\u017cego Narodzenia - Blog FOTOJOKER.pl\" \/>\n<meta property=\"og:description\" content=\"Idealny kalendarz na \u015awi\u0119ta? To \u015bwietny czas na projekt, bo jednocze\u015bnie ko\u0144czy sie jeden rok, a zaraz zaczyna nowy. Oto Tw\u00f3j pomys\u0142 na prezent.\" \/>\n<meta property=\"og:url\" content=\"https:\/\/fotojoker.pl\/blog\/idealny-kalendarz-na-swieta-bozego-narodzenia\/\" \/>\n<meta property=\"og:site_name\" content=\"Blog FOTOJOKER.pl\" \/>\n<meta property=\"article:published_time\" content=\"2018-12-05T13:58:22+00:00\" \/>\n<meta property=\"article:modified_time\" content=\"2018-12-05T14:07:26+00:00\" \/>\n<meta property=\"og:image\" content=\"https:\/\/fotoservice.fotojoker.pl\/blog\/wp-content\/uploads\/dflt_evebbbb_xmas_2018_cal_part3-2mmm-Kopia.jpg\" \/>\n\t<meta property=\"og:image:width\" content=\"970\" \/>\n\t<meta property=\"og:image:height\" content=\"663\" \/>\n\t<meta property=\"og:image:type\" content=\"image\/jpeg\" \/>\n<meta name=\"twitter:card\" content=\"summary\" \/>\n<meta name=\"twitter:label1\" content=\"Napisane przez\" \/>\n\t<meta name=\"twitter:data1\" content=\"Rafa\u0142 Wa\u0142\u0119ka\" \/>\n\t<meta name=\"twitter:label2\" content=\"Szacowany czas czytania\" \/>\n\t<meta name=\"twitter:data2\" content=\"3 minuty\" \/>\n<script type=\"application\/ld+json\" class=\"yoast-schema-graph\">{\"@context\":\"https:\/\/schema.org\",\"@graph\":[{\"@type\":\"WebSite\",\"@id\":\"https:\/\/fotojoker.pl\/blog\/#website\",\"url\":\"https:\/\/fotojoker.pl\/blog\/\",\"name\":\"Blog FOTOJOKER.pl\",\"description\":\"Blog fotograficzny - to i owo dla ka\u017cdego fana robienia zdj\u0119\u0107 i czego\u015b z tych zdj\u0119\u0107.\",\"potentialAction\":[{\"@type\":\"SearchAction\",\"target\":{\"@type\":\"EntryPoint\",\"urlTemplate\":\"https:\/\/fotojoker.pl\/blog\/?s={search_term_string}\"},\"query-input\":\"required name=search_term_string\"}],\"inLanguage\":\"pl-PL\"},{\"@type\":\"ImageObject\",\"inLanguage\":\"pl-PL\",\"@id\":\"https:\/\/fotojoker.pl\/blog\/idealny-kalendarz-na-swieta-bozego-narodzenia\/#primaryimage\",\"url\":\"https:\/\/fotoservice.fotojoker.pl\/blog\/wp-content\/uploads\/dflt_evebbbb_xmas_2018_cal_part3-2mmm-Kopia.jpg\",\"contentUrl\":\"https:\/\/fotoservice.fotojoker.pl\/blog\/wp-content\/uploads\/dflt_evebbbb_xmas_2018_cal_part3-2mmm-Kopia.jpg\",\"width\":970,\"height\":663,\"caption\":\"kalendarz na \u015awi\u0119ta\"},{\"@type\":\"WebPage\",\"@id\":\"https:\/\/fotojoker.pl\/blog\/idealny-kalendarz-na-swieta-bozego-narodzenia\/#webpage\",\"url\":\"https:\/\/fotojoker.pl\/blog\/idealny-kalendarz-na-swieta-bozego-narodzenia\/\",\"name\":\"Idealny kalendarz na \u015awi\u0119ta Bo\u017cego Narodzenia - Blog FOTOJOKER.pl\",\"isPartOf\":{\"@id\":\"https:\/\/fotojoker.pl\/blog\/#website\"},\"primaryImageOfPage\":{\"@id\":\"https:\/\/fotojoker.pl\/blog\/idealny-kalendarz-na-swieta-bozego-narodzenia\/#primaryimage\"},\"datePublished\":\"2018-12-05T13:58:22+00:00\",\"dateModified\":\"2018-12-05T14:07:26+00:00\",\"author\":{\"@id\":\"https:\/\/fotojoker.pl\/blog\/#\/schema\/person\/2633463810d76099c413154648c7f136\"},\"description\":\"Idealny kalendarz na \u015awi\u0119ta? To \u015bwietny czas na projekt, bo jednocze\u015bnie ko\u0144czy sie jeden rok, a zaraz zaczyna nowy. Oto Tw\u00f3j pomys\u0142 na prezent.\",\"breadcrumb\":{\"@id\":\"https:\/\/fotojoker.pl\/blog\/idealny-kalendarz-na-swieta-bozego-narodzenia\/#breadcrumb\"},\"inLanguage\":\"pl-PL\",\"potentialAction\":[{\"@type\":\"ReadAction\",\"target\":[\"https:\/\/fotojoker.pl\/blog\/idealny-kalendarz-na-swieta-bozego-narodzenia\/\"]}]},{\"@type\":\"BreadcrumbList\",\"@id\":\"https:\/\/fotojoker.pl\/blog\/idealny-kalendarz-na-swieta-bozego-narodzenia\/#breadcrumb\",\"itemListElement\":[{\"@type\":\"ListItem\",\"position\":1,\"name\":\"Strona g\u0142\u00f3wna\",\"item\":\"https:\/\/fotojoker.pl\/blog\/\"},{\"@type\":\"ListItem\",\"position\":2,\"name\":\"Idealny kalendarz na \u015awi\u0119ta Bo\u017cego Narodzenia\"}]},{\"@type\":\"Person\",\"@id\":\"https:\/\/fotojoker.pl\/blog\/#\/schema\/person\/2633463810d76099c413154648c7f136\",\"name\":\"Rafa\u0142 Wa\u0142\u0119ka\",\"image\":{\"@type\":\"ImageObject\",\"inLanguage\":\"pl-PL\",\"@id\":\"https:\/\/fotojoker.pl\/blog\/#\/schema\/person\/image\/\",\"url\":\"https:\/\/fotoservice.fotojoker.pl\/blog\/wp-content\/uploads\/user_1240032_b27236_huge-100x100.jpg\",\"contentUrl\":\"https:\/\/fotoservice.fotojoker.pl\/blog\/wp-content\/uploads\/user_1240032_b27236_huge-100x100.jpg\",\"caption\":\"Rafa\u0142 Wa\u0142\u0119ka\"},\"description\":\"Zawodowo Specjalista ds. Content Marketingu, a prywatnie fan ksi\u0105\u017cek, dobrego filmu oraz sportu i fotografii.\",\"url\":\"https:\/\/fotojoker.pl\/blog\/author\/rafal\/\"}]}<\/script>\n<!-- \/ Yoast SEO plugin. -->","yoast_head_json":{"title":"Idealny kalendarz na \u015awi\u0119ta Bo\u017cego Narodzenia - Blog FOTOJOKER.pl","description":"Idealny kalendarz na \u015awi\u0119ta? To \u015bwietny czas na projekt, bo jednocze\u015bnie ko\u0144czy sie jeden rok, a zaraz zaczyna nowy. Oto Tw\u00f3j pomys\u0142 na prezent.","robots":{"index":"index","follow":"follow","max-snippet":"max-snippet:-1","max-image-preview":"max-image-preview:large","max-video-preview":"max-video-preview:-1"},"canonical":"https:\/\/fotojoker.pl\/blog\/idealny-kalendarz-na-swieta-bozego-narodzenia\/","og_locale":"pl_PL","og_type":"article","og_title":"Idealny kalendarz na \u015awi\u0119ta Bo\u017cego Narodzenia - Blog FOTOJOKER.pl","og_description":"Idealny kalendarz na \u015awi\u0119ta? To \u015bwietny czas na projekt, bo jednocze\u015bnie ko\u0144czy sie jeden rok, a zaraz zaczyna nowy. Oto Tw\u00f3j pomys\u0142 na prezent.","og_url":"https:\/\/fotojoker.pl\/blog\/idealny-kalendarz-na-swieta-bozego-narodzenia\/","og_site_name":"Blog FOTOJOKER.pl","article_published_time":"2018-12-05T13:58:22+00:00","article_modified_time":"2018-12-05T14:07:26+00:00","og_image":[{"width":970,"height":663,"url":"https:\/\/fotoservice.fotojoker.pl\/blog\/wp-content\/uploads\/dflt_evebbbb_xmas_2018_cal_part3-2mmm-Kopia.jpg","type":"image\/jpeg"}],"twitter_card":"summary","twitter_misc":{"Napisane przez":"Rafa\u0142 Wa\u0142\u0119ka","Szacowany czas czytania":"3 minuty"},"schema":{"@context":"https:\/\/schema.org","@graph":[{"@type":"WebSite","@id":"https:\/\/fotojoker.pl\/blog\/#website","url":"https:\/\/fotojoker.pl\/blog\/","name":"Blog FOTOJOKER.pl","description":"Blog fotograficzny - to i owo dla ka\u017cdego fana robienia zdj\u0119\u0107 i czego\u015b z tych zdj\u0119\u0107.","potentialAction":[{"@type":"SearchAction","target":{"@type":"EntryPoint","urlTemplate":"https:\/\/fotojoker.pl\/blog\/?s={search_term_string}"},"query-input":"required name=search_term_string"}],"inLanguage":"pl-PL"},{"@type":"ImageObject","inLanguage":"pl-PL","@id":"https:\/\/fotojoker.pl\/blog\/idealny-kalendarz-na-swieta-bozego-narodzenia\/#primaryimage","url":"https:\/\/fotoservice.fotojoker.pl\/blog\/wp-content\/uploads\/dflt_evebbbb_xmas_2018_cal_part3-2mmm-Kopia.jpg","contentUrl":"https:\/\/fotoservice.fotojoker.pl\/blog\/wp-content\/uploads\/dflt_evebbbb_xmas_2018_cal_part3-2mmm-Kopia.jpg","width":970,"height":663,"caption":"kalendarz na \u015awi\u0119ta"},{"@type":"WebPage","@id":"https:\/\/fotojoker.pl\/blog\/idealny-kalendarz-na-swieta-bozego-narodzenia\/#webpage","url":"https:\/\/fotojoker.pl\/blog\/idealny-kalendarz-na-swieta-bozego-narodzenia\/","name":"Idealny kalendarz na \u015awi\u0119ta Bo\u017cego Narodzenia - Blog FOTOJOKER.pl","isPartOf":{"@id":"https:\/\/fotojoker.pl\/blog\/#website"},"primaryImageOfPage":{"@id":"https:\/\/fotojoker.pl\/blog\/idealny-kalendarz-na-swieta-bozego-narodzenia\/#primaryimage"},"datePublished":"2018-12-05T13:58:22+00:00","dateModified":"2018-12-05T14:07:26+00:00","author":{"@id":"https:\/\/fotojoker.pl\/blog\/#\/schema\/person\/2633463810d76099c413154648c7f136"},"description":"Idealny kalendarz na \u015awi\u0119ta? To \u015bwietny czas na projekt, bo jednocze\u015bnie ko\u0144czy sie jeden rok, a zaraz zaczyna nowy. Oto Tw\u00f3j pomys\u0142 na prezent.","breadcrumb":{"@id":"https:\/\/fotojoker.pl\/blog\/idealny-kalendarz-na-swieta-bozego-narodzenia\/#breadcrumb"},"inLanguage":"pl-PL","potentialAction":[{"@type":"ReadAction","target":["https:\/\/fotojoker.pl\/blog\/idealny-kalendarz-na-swieta-bozego-narodzenia\/"]}]},{"@type":"BreadcrumbList","@id":"https:\/\/fotojoker.pl\/blog\/idealny-kalendarz-na-swieta-bozego-narodzenia\/#breadcrumb","itemListElement":[{"@type":"ListItem","position":1,"name":"Strona g\u0142\u00f3wna","item":"https:\/\/fotojoker.pl\/blog\/"},{"@type":"ListItem","position":2,"name":"Idealny kalendarz na \u015awi\u0119ta Bo\u017cego Narodzenia"}]},{"@type":"Person","@id":"https:\/\/fotojoker.pl\/blog\/#\/schema\/person\/2633463810d76099c413154648c7f136","name":"Rafa\u0142 Wa\u0142\u0119ka","image":{"@type":"ImageObject","inLanguage":"pl-PL","@id":"https:\/\/fotojoker.pl\/blog\/#\/schema\/person\/image\/","url":"https:\/\/fotoservice.fotojoker.pl\/blog\/wp-content\/uploads\/user_1240032_b27236_huge-100x100.jpg","contentUrl":"https:\/\/fotoservice.fotojoker.pl\/blog\/wp-content\/uploads\/user_1240032_b27236_huge-100x100.jpg","caption":"Rafa\u0142 Wa\u0142\u0119ka"},"description":"Zawodowo Specjalista ds. Content Marketingu, a prywatnie fan ksi\u0105\u017cek, dobrego filmu oraz sportu i fotografii.","url":"https:\/\/fotojoker.pl\/blog\/author\/rafal\/"}]}},"jetpack_featured_media_url":"https:\/\/fotoservice.fotojoker.pl\/blog\/wp-content\/uploads\/dflt_evebbbb_xmas_2018_cal_part3-2mmm-Kopia.jpg","jetpack_publicize_connections":[],"jetpack_sharing_enabled":true,"jetpack_shortlink":"https:\/\/wp.me\/p8cm9e-1AZ","_links":{"self":[{"href":"https:\/\/fotojoker.pl\/blog\/wp-json\/wp\/v2\/posts\/6137"}],"collection":[{"href":"https:\/\/fotojoker.pl\/blog\/wp-json\/wp\/v2\/posts"}],"about":[{"href":"https:\/\/fotojoker.pl\/blog\/wp-json\/wp\/v2\/types\/post"}],"author":[{"embeddable":true,"href":"https:\/\/fotojoker.pl\/blog\/wp-json\/wp\/v2\/users\/8"}],"replies":[{"embeddable":true,"href":"https:\/\/fotojoker.pl\/blog\/wp-json\/wp\/v2\/comments?post=6137"}],"version-history":[{"count":27,"href":"https:\/\/fotojoker.pl\/blog\/wp-json\/wp\/v2\/posts\/6137\/revisions"}],"predecessor-version":[{"id":6252,"href":"https:\/\/fotojoker.pl\/blog\/wp-json\/wp\/v2\/posts\/6137\/revisions\/6252"}],"wp:featuredmedia":[{"embeddable":true,"href":"https:\/\/fotojoker.pl\/blog\/wp-json\/wp\/v2\/media\/6232"}],"wp:attachment":[{"href":"https:\/\/fotojoker.pl\/blog\/wp-json\/wp\/v2\/media?parent=6137"}],"wp:term":[{"taxonomy":"category","embeddable":true,"href":"https:\/\/fotojoker.pl\/blog\/wp-json\/wp\/v2\/categories?post=6137"},{"taxonomy":"post_tag","embeddable":true,"href":"https:\/\/fotojoker.pl\/blog\/wp-json\/wp\/v2\/tags?post=6137"}],"curies":[{"name":"wp","href":"https:\/\/api.w.org\/{rel}","templated":true}]}}