{"id":6864,"date":"2019-03-04T11:06:33","date_gmt":"2019-03-04T11:06:33","guid":{"rendered":"https:\/\/fotojoker.pl\/blog\/?p=6864"},"modified":"2019-03-04T11:48:51","modified_gmt":"2019-03-04T11:48:51","slug":"jakub-kazmierczyk-fotografia-wnetrz","status":"publish","type":"post","link":"https:\/\/fotojoker.pl\/blog\/jakub-kazmierczyk-fotografia-wnetrz\/","title":{"rendered":"Jakub Ka\u017amierczyk: Fotografia wn\u0119trz \u2013 pi\u0119kno tego, co w \u015brodku."},"content":{"rendered":"<div class=\"pntrst_main_before_after\"><\/div><p style=\"text-align: justify;\">Wiesz jak du\u017cy jest potencjalny rynek na fotografi\u0119 wn\u0119trz w Polsce? Przytocz\u0119 tu kilka liczb z popularnych serwis\u00f3w og\u0142oszeniowych. Na sprzeda\u017c jest ponad 115 tysi\u0119cy mieszka\u0144, natomiast nieco ponad 20 tysi\u0119cy to te na wynajem. Do tego do\u0142\u0105czmy ponad 60 tysi\u0119cy dom\u00f3w na sprzeda\u017c i niemal 4 tysi\u0105ce do wynaj\u0119cia. Kolejne kilkana\u015bcie-kilkadziesi\u0105t tysi\u0119cy to lokale u\u017cytkowe na sprzeda\u017c i wynajem. Ale to nie wszystko &#8211; do\u0142\u0105czmy do tego oko\u0142o 12 tysi\u0119cy obiekt\u00f3w, takich jak hotele, pensjonaty, czy apartamenty. Liczby robi\u0105 wra\u017cenie? A to tylko cz\u0119\u015b\u0107 potencjalnych klient\u00f3w, bo nie uwzgl\u0119dni\u0142em tu biurowc\u00f3w, restauracji czy gabinet\u00f3w &#8211; a wszystkie z tych dzia\u0142alno\u015bci bardzo cz\u0119sto potrzebuj\u0105 fotografii wn\u0119trz.<\/p>\n<p><!--more--><\/p>\n<div id=\"ez-toc-container\" class=\"ez-toc-v2_0_80 counter-hierarchy ez-toc-counter ez-toc-grey ez-toc-container-direction\">\n<div class=\"ez-toc-title-container\">\n<p class=\"ez-toc-title\" style=\"cursor:inherit\">Spis tre\u015bci<\/p>\n<span class=\"ez-toc-title-toggle\"><a href=\"#\" class=\"ez-toc-pull-right ez-toc-btn ez-toc-btn-xs ez-toc-btn-default ez-toc-toggle\" aria-label=\"Prze\u0142\u0105cznik Spisu Tre\u015bci\"><span class=\"ez-toc-js-icon-con\"><span class=\"\"><span class=\"eztoc-hide\" style=\"display:none;\">Toggle<\/span><span class=\"ez-toc-icon-toggle-span\"><svg style=\"fill: #999;color:#999\" xmlns=\"http:\/\/www.w3.org\/2000\/svg\" class=\"list-377408\" width=\"20px\" height=\"20px\" viewBox=\"0 0 24 24\" fill=\"none\"><path d=\"M6 6H4v2h2V6zm14 0H8v2h12V6zM4 11h2v2H4v-2zm16 0H8v2h12v-2zM4 16h2v2H4v-2zm16 0H8v2h12v-2z\" fill=\"currentColor\"><\/path><\/svg><svg style=\"fill: #999;color:#999\" class=\"arrow-unsorted-368013\" xmlns=\"http:\/\/www.w3.org\/2000\/svg\" width=\"10px\" height=\"10px\" viewBox=\"0 0 24 24\" version=\"1.2\" baseProfile=\"tiny\"><path d=\"M18.2 9.3l-6.2-6.3-6.2 6.3c-.2.2-.3.4-.3.7s.1.5.3.7c.2.2.4.3.7.3h11c.3 0 .5-.1.7-.3.2-.2.3-.5.3-.7s-.1-.5-.3-.7zM5.8 14.7l6.2 6.3 6.2-6.3c.2-.2.3-.5.3-.7s-.1-.5-.3-.7c-.2-.2-.4-.3-.7-.3h-11c-.3 0-.5.1-.7.3-.2.2-.3.5-.3.7s.1.5.3.7z\"\/><\/svg><\/span><\/span><\/span><\/a><\/span><\/div>\n<nav><ul class='ez-toc-list ez-toc-list-level-1 ' ><li class='ez-toc-page-1 ez-toc-heading-level-3'><a class=\"ez-toc-link ez-toc-heading-1\" href=\"https:\/\/fotojoker.pl\/blog\/jakub-kazmierczyk-fotografia-wnetrz\/#Po_co_komu_fotografia_wnetrzarska\" >Po co komu fotografia wn\u0119trzarska?<\/a><\/li><li class='ez-toc-page-1 ez-toc-heading-level-3'><a class=\"ez-toc-link ez-toc-heading-2\" href=\"https:\/\/fotojoker.pl\/blog\/jakub-kazmierczyk-fotografia-wnetrz\/#Jaki_sprzet_dobrac\" >Jaki sprz\u0119t dobra\u0107?<\/a><\/li><li class='ez-toc-page-1 ez-toc-heading-level-3'><a class=\"ez-toc-link ez-toc-heading-3\" href=\"https:\/\/fotojoker.pl\/blog\/jakub-kazmierczyk-fotografia-wnetrz\/#Czas_na_fotografowanie_%E2%80%93_pamietaj_o_kilku_zelaznych_zasadach\" >Czas na fotografowanie \u2013 pami\u0119taj o kilku \u017celaznych zasadach!<\/a><\/li><li class='ez-toc-page-1 ez-toc-heading-level-3'><a class=\"ez-toc-link ez-toc-heading-4\" href=\"https:\/\/fotojoker.pl\/blog\/jakub-kazmierczyk-fotografia-wnetrz\/#Ekspozycja\" >Ekspozycja<\/a><\/li><li class='ez-toc-page-1 ez-toc-heading-level-3'><a class=\"ez-toc-link ez-toc-heading-5\" href=\"https:\/\/fotojoker.pl\/blog\/jakub-kazmierczyk-fotografia-wnetrz\/#Odpowiednia_pora_na_zdjecia\" >Odpowiednia pora na zdj\u0119cia<\/a><\/li><li class='ez-toc-page-1 ez-toc-heading-level-3'><a class=\"ez-toc-link ez-toc-heading-6\" href=\"https:\/\/fotojoker.pl\/blog\/jakub-kazmierczyk-fotografia-wnetrz\/#Co_z_postprodukcja\" >Co z postprodukcj\u0105?<\/a><\/li><\/ul><\/nav><\/div>\n<h3 style=\"text-align: justify;\"><span class=\"ez-toc-section\" id=\"Po_co_komu_fotografia_wnetrzarska\"><\/span>Po co komu fotografia wn\u0119trzarska?<span class=\"ez-toc-section-end\"><\/span><\/h3>\n<p style=\"text-align: justify;\">Moim zdaniem dobra fotografia wn\u0119trz b\u0119dzie niezb\u0119dna wszystkim, kt\u00f3rzy oferuj\u0105 wynajem lub sprzeda\u017c nieruchomo\u015bci. W ko\u0144cu kto b\u0119dzie chcia\u0142 wynaj\u0105\u0107 ma\u0142\u0105, ciemn\u0105 kawalerk\u0119, w kt\u00f3rej panuje ba\u0142agan? Trzeba pami\u0119ta\u0107, \u017ce fotografia zawsze wywiera na nas pierwsze wra\u017cenie, dlatego jest to tak wa\u017cne i dobrze, je\u015bli b\u0119dzie ono pozytywne. Oczywi\u015bcie zdj\u0119cia musz\u0105 by\u0107 dobre, ale z drugiej strony nie mog\u0105 zbyt mocno wprowadza\u0107 w b\u0142\u0105d &#8211; to rada szczeg\u00f3lnie dla obiekt\u00f3w noclegowych. Jednak naszym zadaniem, czyli fotograf\u00f3w, jest pokazanie danego wn\u0119trza tak, \u017ceby wygl\u0105da\u0142o mo\u017cliwie dobrze. Sam fotografuj\u0119 wn\u0119trza od wielu lat, a w moim portfolio znajdziesz g\u0142\u00f3wnie restauracje Pizza Hut, KFC, Burger King, czy kawiarnie Starbucks. Ka\u017cde wn\u0119trze jest inne i wymaga innego podej\u015bcia czy przygotowania. Dalszej cz\u0119\u015bci artyku\u0142u zdradz\u0119 kilka wskaz\u00f3wek, kt\u00f3re pomog\u0105 Ci przygotowa\u0107 dobre zdj\u0119cia wn\u0119trzarskie.<\/p>\n<h3 style=\"text-align: justify;\"><span class=\"ez-toc-section\" id=\"Jaki_sprzet_dobrac\"><\/span>Jaki sprz\u0119t dobra\u0107?<span class=\"ez-toc-section-end\"><\/span><\/h3>\n<p style=\"text-align: justify;\">Od tego trzeba zacz\u0105\u0107. Mo\u017ce Ci\u0119 zaskocz\u0119, ale\u2026 aparat nie b\u0119dzie mia\u0142 wi\u0119kszego znaczenia. Najwa\u017cniejsze, \u017ceby mia\u0142 korpus umo\u017cliwiaj\u0105cy zmian\u0119 optyki. Przyda si\u0119 te\u017c odchylany ekran i elektroniczna poziomica czy wbudowany tryb HDR, ale bez tego te\u017c poradzisz sobie bez problemu.<\/p>\n<div id=\"attachment_6870\" style=\"width: 294px\" class=\"wp-caption alignright\"><img aria-describedby=\"caption-attachment-6870\" decoding=\"async\" loading=\"lazy\" class=\"wp-image-6870\" src=\"https:\/\/fotojoker.pl\/blog\/wp-content\/uploads\/IMG_4444.jpg\" alt=\"Jakub Ka\u017amierczyk\" width=\"284\" height=\"379\" srcset=\"https:\/\/fotoservice.fotojoker.pl\/blog\/wp-content\/uploads\/IMG_4444.jpg 600w, https:\/\/fotoservice.fotojoker.pl\/blog\/wp-content\/uploads\/IMG_4444-225x300.jpg 225w\" sizes=\"(max-width: 284px) 100vw, 284px\" \/><p id=\"caption-attachment-6870\" class=\"wp-caption-text\">fot. Jakub Ka\u017amierczyk<\/p><\/div>\n<p style=\"text-align: justify;\">Wi\u0119ksze znaczenie od samego aparatu b\u0119dzie mia\u0142 obiektyw. Powiniene\u015b pomy\u015ble\u0107 o szkle ultraszerokok\u0105tnym, kt\u00f3re dla pe\u0142nej klatki da ogniskow\u0105 oko\u0142o 14-17 mm. Ja fotografuj\u0119 Olympusem 7-14 mm f\/2.8 Pro, ale z powodzeniem fotografowa\u0142em takimi obiektywami jak Canon 17-40\/4L czy 16-35\/4L. Do tego typu fotografii jasny obiektyw nie jest jednak konieczno\u015bci\u0105. Finalnie pracowa\u0107 b\u0119dziesz na przys\u0142onie f\/8-11, wi\u0119c obiektyw o jasno\u015bci f\/5.6 te\u017c zda egzamin. Do fotografii architektury dedykowane s\u0105 obiektywy tilt-shift, kt\u00f3re na poziomie optyki s\u0105 w stanie skorygowa\u0107 zbiegi perspektywiczne, ale b\u0119d\u0105c na pocz\u0105tku swojej fotograficznej kariery, ma\u0142o kto zainwestuje kilka tysi\u0119cy z\u0142otych w tego typu obiektyw.<\/p>\n<p style=\"text-align: justify;\">Kolejnym absolutnie niezb\u0119dnym akcesorium b\u0119dzie statyw. Musi by\u0107 stabilny, do\u015b\u0107 du\u017cy i wyposa\u017cony w wygodn\u0105, dok\u0142adn\u0105 g\u0142owic\u0119, kt\u00f3ra przy blokowaniu nie b\u0119dzie zmienia\u0107 swojej pozycji. Dobrze, \u017ceby jego wysoko\u015b\u0107 dochodzi\u0142a do 170-180 cm, co przyda si\u0119 przy wysokich wn\u0119trzach. Bardzo przydatny jest tak\u017ce w\u0119\u017cyk spustowy, kt\u00f3ry pozwoli unikn\u0105\u0107 jakichkolwiek porusze\u0144 zdj\u0119\u0107 i wyeliminuje konieczno\u015b\u0107 u\u017cywania samowyzwalacza, kt\u00f3ry zawsze wyd\u0142u\u017ca czas sesji. Warto zainwestowa\u0107 te\u017c w filtr polaryzacyjny, kt\u00f3ry \u015bwietnie \u015bci\u0105ga odbicia z b\u0142yszcz\u0105cych kafli czy parkietu. Tyle z przygotowa\u0144 sprz\u0119towych.<\/p>\n<h3 style=\"text-align: justify;\"><span class=\"ez-toc-section\" id=\"Czas_na_fotografowanie_%E2%80%93_pamietaj_o_kilku_zelaznych_zasadach\"><\/span>Czas na fotografowanie \u2013 pami\u0119taj o kilku \u017celaznych zasadach!<span class=\"ez-toc-section-end\"><\/span><\/h3>\n<p style=\"text-align: justify;\">Musisz trzyma\u0107 pion i poziom. To absolutna konieczno\u015b\u0107 w fotografii wn\u0119trz. Je\u015bli odchylisz aparat o kilka stopni ku g\u00f3rze, wszystkie linie zaczn\u0105 si\u0119 zbiega\u0107 i wn\u0119trze b\u0119dzie wygl\u0105da\u0142o \u017ale i nienaturalnie. Po prostu musisz ustawi\u0107 aparat idealnie w poziomie, dzi\u0119ki czemu proste linie na zdj\u0119ciu pozostan\u0105 proste. Tu z pomoc\u0105 przychodzi elektroniczna poziomica, kt\u00f3ra dost\u0119pna jest w wi\u0119kszo\u015bci wsp\u00f3\u0142czesnych korpus\u00f3w. Je\u015bli jej nie masz &#8211; kup tak\u0105, zak\u0142adan\u0105 na gor\u0105c\u0105 stopk\u0119. Musisz tak\u017ce ustawi\u0107 aparat na odpowiedniej wysoko\u015bci. Dobrze jest zacz\u0105\u0107 od po\u0142owy wysoko\u015bci wn\u0119trza. Je\u015bli pomieszczenie ma 3 metry wysoko\u015bci, ustaw aparat na wysoko\u015bci 1,5 metra. Oczywi\u015bcie to pozycja wyj\u015bciowa i w tym miejscu musisz zdecydowa\u0107 czy bardziej zale\u017cy Ci na pokazaniu sufitu czy pod\u0142ogi. W wi\u0119kszo\u015bci sytuacji dobrze jest obni\u017cy\u0107 aparat na wysoko\u015b\u0107 1,1-1,3 metra, bo najcz\u0119\u015bciej na pod\u0142odze dzieje si\u0119 wi\u0119cej ni\u017c na suficie, cho\u0107 oczywi\u015bcie wyj\u0105tek potwierdza regu\u0142\u0119. Du\u017co s\u0142owa wysoko\u015b\u0107? Tak, ale przy typu zdj\u0119ciach trzeba by\u0107 skrupulatnym i konkretnym. Nie b\u00f3j si\u0119 jednak eksperyment\u00f3w.<\/p>\n<div id=\"attachment_6871\" style=\"width: 810px\" class=\"wp-caption aligncenter\"><img aria-describedby=\"caption-attachment-6871\" decoding=\"async\" loading=\"lazy\" class=\"wp-image-6871 size-full\" src=\"https:\/\/fotojoker.pl\/blog\/wp-content\/uploads\/KAZM2579-HDR_Starbucks_Galeria_Polnocna.jpg\" alt=\"Jakub Ka\u017amierczyk\" width=\"800\" height=\"533\" srcset=\"https:\/\/fotoservice.fotojoker.pl\/blog\/wp-content\/uploads\/KAZM2579-HDR_Starbucks_Galeria_Polnocna.jpg 800w, https:\/\/fotoservice.fotojoker.pl\/blog\/wp-content\/uploads\/KAZM2579-HDR_Starbucks_Galeria_Polnocna-300x200.jpg 300w, https:\/\/fotoservice.fotojoker.pl\/blog\/wp-content\/uploads\/KAZM2579-HDR_Starbucks_Galeria_Polnocna-768x512.jpg 768w, https:\/\/fotoservice.fotojoker.pl\/blog\/wp-content\/uploads\/KAZM2579-HDR_Starbucks_Galeria_Polnocna-730x486.jpg 730w\" sizes=\"(max-width: 800px) 100vw, 800px\" \/><p id=\"caption-attachment-6871\" class=\"wp-caption-text\">fot. Jakub Ka\u017amierczyk<\/p><\/div>\n<h3 style=\"text-align: justify;\"><span class=\"ez-toc-section\" id=\"Ekspozycja\"><\/span>Ekspozycja<span class=\"ez-toc-section-end\"><\/span><\/h3>\n<p style=\"text-align: justify;\">Kolejnym krokiem jest odpowiednie dobranie ekspozycji. Tu polecam oceni\u0107 j\u0105 po prostu \u201ena oko\u201d, przy u\u017cyciu podgl\u0105du Live-view. \u015awiat\u0142omierz w takich miejscach lubi si\u0119 pogubi\u0107. Wystarczy, \u017ce skierujesz obiektyw na bia\u0142\u0105 \u015bcian\u0119, a zdj\u0119cie wyjdzie niedo\u015bwietlone. Ja zazwyczaj w\u0142\u0105czam symulacj\u0119 ekspozycji i obserwuj\u0119 jak zmienia si\u0119 jasno\u015b\u0107 na ekranie aparatu. Wa\u017cne, \u017ceby nasza bazowa ekspozycja by\u0142a maksymalnie neutralna. Po zdefiniowaniu bazowej jasno\u015bci, w\u0142\u0105cz tryb HDR lub bracketing ekspozycji. Wiele zale\u017cy od konkretnego modelu aparatu. Nie \u0142\u0105cz jednak zdj\u0119\u0107 w HDR w samym aparacie. Zewn\u0119trzne oprogramowanie radzi sobie z tym lepiej, a Ty nie b\u0119dziesz czeka\u0107 po ka\u017cdym zdj\u0119ciu a\u017c procesor przetworzy te informacje. Na ka\u017cde uj\u0119cie trzeba przygotowa\u0107 minimum 3 zdj\u0119cia, z czego jedno b\u0119dzie zbyt ciemne, drugie neutralne, a trzecie za jasne. Dzi\u0119ki temu zarejestrujesz znacznie szersz\u0105 rozpi\u0119to\u015b\u0107 tonaln\u0105 ni\u017c jest w stanie zrobi\u0107 to sama matryca Twojego aparatu. Co do ustawie\u0144 samego trybu, wiele zale\u017cy od konkretnej sceny. Ja zaczynam od wyboru 3 zdj\u0119\u0107 co 2EV. Je\u015bli widz\u0119, \u017ce za oknem na ekspozycji -2EV nadal jest za jasno, robi\u0119 3 zdj\u0119cia co 3EV. W niekt\u00f3rych przypadkach mo\u017ce zaj\u015b\u0107 konieczno\u015b\u0107 zrobienia np. 5 zdj\u0119\u0107 z odst\u0119pem do 10 EV w skrajnych zdj\u0119ciach (ale to raczej rzadko\u015b\u0107). Najcz\u0119\u015bciej si\u0119gam po wspomniany tryb 3 zdj\u0119cia co 2 EV lub 3 zdj\u0119cia co 3 EV. Nawet maj\u0105c aparat o bardzo dobrej dynamice tonalnej, pami\u0119taj, \u017ce wyci\u0105gaj\u0105c szczeg\u00f3\u0142y z cieni, jako\u015b\u0107 b\u0119dzie znacznie gorsza ni\u017c po przygotowaniu HDR\u2019a.<\/p>\n<div id=\"attachment_6873\" style=\"width: 766px\" class=\"wp-caption aligncenter\"><img aria-describedby=\"caption-attachment-6873\" decoding=\"async\" loading=\"lazy\" class=\"wp-image-6873\" src=\"https:\/\/fotojoker.pl\/blog\/wp-content\/uploads\/KAZM6452-HDR.jpg\" alt=\"Jakub Ka\u017amierczyk\" width=\"756\" height=\"567\" srcset=\"https:\/\/fotoservice.fotojoker.pl\/blog\/wp-content\/uploads\/KAZM6452-HDR.jpg 800w, https:\/\/fotoservice.fotojoker.pl\/blog\/wp-content\/uploads\/KAZM6452-HDR-300x225.jpg 300w, https:\/\/fotoservice.fotojoker.pl\/blog\/wp-content\/uploads\/KAZM6452-HDR-768x576.jpg 768w, https:\/\/fotoservice.fotojoker.pl\/blog\/wp-content\/uploads\/KAZM6452-HDR-356x267.jpg 356w, https:\/\/fotoservice.fotojoker.pl\/blog\/wp-content\/uploads\/KAZM6452-HDR-730x548.jpg 730w\" sizes=\"(max-width: 756px) 100vw, 756px\" \/><p id=\"caption-attachment-6873\" class=\"wp-caption-text\">fot. Jakub Ka\u017amierczyk<\/p><\/div>\n<h3 style=\"text-align: justify;\"><span class=\"ez-toc-section\" id=\"Odpowiednia_pora_na_zdjecia\"><\/span>Odpowiednia pora na zdj\u0119cia<span class=\"ez-toc-section-end\"><\/span><\/h3>\n<p style=\"text-align: justify;\">Nie bez znaczenia b\u0119dzie te\u017c wybranie pory i pogody na fotografowanie. Oczywi\u015bcie nie zawsze b\u0119dziesz mie\u0107 na to wp\u0142yw. Ja jednak najcz\u0119\u015bciej fotografuj\u0119 albo z samego rana albo przed zachodem s\u0142o\u0144ca lub ju\u017c po zmierzchu. Wszystko zale\u017cy od charakteru wn\u0119trza. Je\u015bli ma wygl\u0105da\u0107 na bardzo jasne &#8211; wybierz jasny, s\u0142oneczny dzie\u0144. Z kolei bardziej klimatyczne, ciemniejsze wn\u0119trza z ciekawym o\u015bwietleniem, \u015bwietnie prezentuj\u0105 si\u0119 kiedy za oknami jest ju\u017c ciemno. Wiele moich sesji robi\u0142em od nocy do wschodu s\u0142o\u0144ca. Dzi\u0119ki temu mog\u0142em pokaza\u0107 lokal zar\u00f3wno w ciemnej, jak i jasnej ods\u0142onie. Wiele zale\u017cy od mo\u017cliwo\u015bci czasowych i finansowych naszych czy klienta. Pami\u0119taj jednak, \u017ce fotografuj\u0105c w ci\u0105gu dnia mo\u017cesz mie\u0107 problem z balansem bieli. We wn\u0119trzach najcz\u0119\u015bciej znajdziesz o\u015bwietlenie 2800-3200K, podczas gdy \u015bwiat\u0142o s\u0142oneczne to oko\u0142o 5500K.<\/p>\n<p style=\"text-align: justify;\">Fotografuj\u0105c zazwyczaj ustawiam si\u0119 w k\u0105tach, \u017ceby pokaza\u0107 jak najszersz\u0105 perspektyw\u0119, co powoduje \u017ce wn\u0119trze wygl\u0105da bardzo przestronnie. Robi\u0105c zdj\u0119cia w du\u017cych lokalach, zaczynam fotografowa\u0107 od wybranej strony, a nast\u0119pnie przesuwam si\u0119 o kilka metr\u00f3w do przodu. Nast\u0119pnie obracam si\u0119 w drug\u0105 stron\u0119 i powtarzam zabieg. Cz\u0119sto zmieniam te\u017c wysoko\u015b\u0107 aparatu, w zale\u017cno\u015bci czy fotografuj\u0119 stref\u0119 z niskimi stolikami, czy sto\u0142kami barowymi, ca\u0142y czas jednak pami\u0119taj\u0105c o prostych liniach.<\/p>\n<h3 style=\"text-align: justify;\"><span class=\"ez-toc-section\" id=\"Co_z_postprodukcja\"><\/span>Co z postprodukcj\u0105?<span class=\"ez-toc-section-end\"><\/span><\/h3>\n<p style=\"text-align: justify;\">Zdj\u0119cia oczywi\u015bcie trzeba te\u017c odpowiednio obrobi\u0107. Tu z czystym sumieniem polecam Adobe Lightroom. Najwi\u0119ksz\u0105 zalet\u0105 jest \u0142\u0105czenie HDR\u2019\u00f3w w niesamowicie prosty i przyst\u0119pny spos\u00f3b. Wystarczy zaznaczy\u0107 3 zdj\u0119cia i wybra\u0107 opcj\u0119 \u201eMerge to HDR\u201d. Po za\u0142adowaniu podgl\u0105du, \u0142\u0105czymy zdj\u0119cia w jeden plik DNG, kt\u00f3ry obrabia si\u0119 dok\u0142adnie tak samo, jak inne pliki RAW, przy czym charakteryzuje si\u0119 znacznie wi\u0119ksz\u0105 rozpi\u0119to\u015b\u0107 tonaln\u0105. Je\u015bli zrobi\u0142e\u015b 3 zdj\u0119cia co 3EV, Twoje zdj\u0119cie b\u0119dzie mia\u0142o o 6EV wi\u0119cej informacji od podstawowego pliku. Mo\u017cliwo\u015b\u0107 wyci\u0105gni\u0119cia szczeg\u00f3\u0142\u00f3w z cieni i \u015bwiate\u0142 b\u0119dzie znacznie wi\u0119ksza, a jako\u015b\u0107 &#8211; niepor\u00f3wnywalnie lepsza. Po po\u0142\u0105czeniu zdj\u0119\u0107 w jedno, dopasuj balans bieli. Pami\u0119taj jednak, \u017ce je\u015bli wn\u0119trze ma ciep\u0142e o\u015bwietlenie, nie koryguj go do idealnej bieli, zachowaj klimat. Je\u015bli po dopasowaniu balansu, za oknem zrobi si\u0119 niebiesko, u\u017cyj p\u0119dzla korekty i dok\u0142adnie zamaluj okna i ich otoczenie, a nast\u0119pnie ociepl te partie zdj\u0119cia. Po tych korektach przywr\u00f3\u0107 szczeg\u00f3\u0142y z jasnych i ciemnych partii. Pami\u0119taj jednak o umiarze. Nie przeci\u0105gaj suwaka shadows na +100, a highlights na -100. Cienie musz\u0105 pozosta\u0107 ciemniejsze od \u015bwiate\u0142.<\/p>\n<div id=\"attachment_6869\" style=\"width: 284px\" class=\"wp-caption aligncenter\"><img aria-describedby=\"caption-attachment-6869\" decoding=\"async\" loading=\"lazy\" class=\"wp-image-6869\" src=\"https:\/\/fotojoker.pl\/blog\/wp-content\/uploads\/IMG_1434.jpg\" alt=\"Jakub Ka\u017amierczyk\" width=\"274\" height=\"365\" srcset=\"https:\/\/fotoservice.fotojoker.pl\/blog\/wp-content\/uploads\/IMG_1434.jpg 600w, https:\/\/fotoservice.fotojoker.pl\/blog\/wp-content\/uploads\/IMG_1434-225x300.jpg 225w\" sizes=\"(max-width: 274px) 100vw, 274px\" \/><p id=\"caption-attachment-6869\" class=\"wp-caption-text\">fot. Jakub Ka\u017amierczyk<\/p><\/div>\n<p style=\"text-align: justify;\">Nie zapominaj te\u017c o dopracowaniu detali. Wyostrz zdj\u0119cia dbaj\u0105c o najmniejszy szczeg\u00f3\u0142. Przejd\u017a tak\u017ce do zak\u0142adki Lens Correction, gdzie mo\u017cesz zastosowa\u0107 profil obiektywu (o ile jest) lub skoryguj wady optyczne r\u0119cznie. Zniweluj winietowanie, aberracj\u0119 chromatyczn\u0105 i dystorsj\u0119. Warto r\u00f3wnie\u017c dopracowa\u0107 piony i poziomy. Mimo \u017ce aparat sta\u0142 niemal idealnie poziomo, mo\u017ce si\u0119 okaza\u0107, \u017ce pojawi\u0142y si\u0119 delikatne odchy\u0142y. Tu \u015bwietnie radzi sobie funkcja upright w trybie automatycznym. Funkcji mo\u017cesz te\u017c pomoc u\u017cywaj\u0105 opcji guided zaznaczaj\u0105c proste linie odpowiednimi znacznikami. Tu nic trudnego!<\/p>\n<p style=\"text-align: justify;\">I to tyle! Jak widzisz, temat wcale nie jest trudny \u2013 jest po prostu rozleg\u0142y. Odpowiedni dob\u00f3r sprz\u0119tu, statyw, utrzymanie linii w ryzach, HDR, a nast\u0119pnie odpowiednia obr\u00f3bka to przepis na sukces. Pr\u00f3buj, eksperymentuj i ciesz si\u0119 efektami \u2013 poka\u017c, \u017ce najciekawsze jest to, co w \u015brodku.<\/p>\n<p style=\"text-align: justify;\"><strong><img decoding=\"async\" loading=\"lazy\" class=\"alignright wp-image-6868\" src=\"https:\/\/fotojoker.pl\/blog\/wp-content\/uploads\/IMGL9403-1-2-1.jpg\" alt=\"Jakub Ka\u017amierczyk\" width=\"274\" height=\"411\" srcset=\"https:\/\/fotoservice.fotojoker.pl\/blog\/wp-content\/uploads\/IMGL9403-1-2-1.jpg 533w, https:\/\/fotoservice.fotojoker.pl\/blog\/wp-content\/uploads\/IMGL9403-1-2-1-200x300.jpg 200w\" sizes=\"(max-width: 274px) 100vw, 274px\" \/>Jakub Ka\u017amierczyk<\/strong>\u00a0\u2013 fotograf i bloger. Na co dzie\u0144 realizuje liczne sesje zdj\u0119ciowe. Niestraszne mu kulinaria, wn\u0119trza czy zdj\u0119cia biznesowe. Jest autorem licznych poradnik\u00f3w o fotografii, jak r\u00f3wnie\u017c jednej z najwi\u0119kszych w Polsce baz wideoporadnik\u00f3w o postprodukcji zdj\u0119\u0107. Po pracy spe\u0142nia si\u0119 w sesjach portretowych, kocha podr\u00f3\u017cowa\u0107. Jest zakr\u0119cony na punkcie gad\u017cet\u00f3w technologicznych i uwielbia dobr\u0105 kuchni\u0119.\u00a0Twierdzi, \u017ce fotografia to najlepsze, czym mo\u017cna si\u0119 zaj\u0105\u0107 \u2013 w ko\u0144cu \u0142\u0105czy si\u0119 pasj\u0119 z prac\u0105. Ambasador firm Olympus, WD i Peak Design.<\/p>\n<p style=\"text-align: justify;\">\n<div class=\"pntrst_main_before_after\"><\/div>","protected":false},"excerpt":{"rendered":"<p>Wiesz jak du\u017cy jest potencjalny rynek na fotografi\u0119 wn\u0119trz w Polsce? Przytocz\u0119 tu kilka liczb z popularnych serwis\u00f3w og\u0142oszeniowych. Na sprzeda\u017c jest ponad 115 tysi\u0119cy mieszka\u0144, natomiast nieco ponad 20 tysi\u0119cy to te na wynajem. Do tego do\u0142\u0105czmy ponad 60 tysi\u0119cy dom\u00f3w na sprzeda\u017c i niemal 4 tysi\u0105ce do wynaj\u0119cia. Kolejne kilkana\u015bcie-kilkadziesi\u0105t tysi\u0119cy to lokale [&hellip;]<\/p>\n","protected":false},"author":8,"featured_media":6872,"comment_status":"open","ping_status":"open","sticky":false,"template":"","format":"standard","meta":{"inline_featured_image":false,"spay_email":"","jetpack_publicize_message":"","jetpack_is_tweetstorm":false,"jetpack_publicize_feature_enabled":true},"categories":[337,226],"tags":[],"yoast_head":"<!-- This site is optimized with the Yoast SEO plugin v19.1 - https:\/\/yoast.com\/wordpress\/plugins\/seo\/ -->\n<title>Jakub Ka\u017amierczyk: Fotografia wn\u0119trz \u2013 pi\u0119kno tego, co w \u015brodku. - Blog FOTOJOKER.pl<\/title>\n<meta name=\"description\" content=\"Jakub Ka\u017amierczyk to utalentowany fotograf, kt\u00f3ry sprawdza si\u0119 w r\u00f3\u017cnorodnych dziedzinach fotografii. W tym wypadku opowiada o fotografi wn\u0119trz.\" \/>\n<meta name=\"robots\" content=\"index, follow, max-snippet:-1, max-image-preview:large, max-video-preview:-1\" \/>\n<link rel=\"canonical\" href=\"https:\/\/fotojoker.pl\/blog\/jakub-kazmierczyk-fotografia-wnetrz\/\" \/>\n<meta property=\"og:locale\" content=\"pl_PL\" \/>\n<meta property=\"og:type\" content=\"article\" \/>\n<meta property=\"og:title\" content=\"Jakub Ka\u017amierczyk: Fotografia wn\u0119trz \u2013 pi\u0119kno tego, co w \u015brodku. - Blog FOTOJOKER.pl\" \/>\n<meta property=\"og:description\" content=\"Jakub Ka\u017amierczyk to utalentowany fotograf, kt\u00f3ry sprawdza si\u0119 w r\u00f3\u017cnorodnych dziedzinach fotografii. W tym wypadku opowiada o fotografi wn\u0119trz.\" \/>\n<meta property=\"og:url\" content=\"https:\/\/fotojoker.pl\/blog\/jakub-kazmierczyk-fotografia-wnetrz\/\" \/>\n<meta property=\"og:site_name\" content=\"Blog FOTOJOKER.pl\" \/>\n<meta property=\"article:published_time\" content=\"2019-03-04T11:06:33+00:00\" \/>\n<meta property=\"article:modified_time\" content=\"2019-03-04T11:48:51+00:00\" \/>\n<meta property=\"og:image\" content=\"https:\/\/fotoservice.fotojoker.pl\/blog\/wp-content\/uploads\/KAZM5246-HDR.jpg\" \/>\n\t<meta property=\"og:image:width\" content=\"800\" \/>\n\t<meta property=\"og:image:height\" content=\"533\" \/>\n\t<meta property=\"og:image:type\" content=\"image\/jpeg\" \/>\n<meta name=\"twitter:card\" content=\"summary\" \/>\n<meta name=\"twitter:label1\" content=\"Napisane przez\" \/>\n\t<meta name=\"twitter:data1\" content=\"Rafa\u0142 Wa\u0142\u0119ka\" \/>\n\t<meta name=\"twitter:label2\" content=\"Szacowany czas czytania\" \/>\n\t<meta name=\"twitter:data2\" content=\"9 minut\" \/>\n<script type=\"application\/ld+json\" class=\"yoast-schema-graph\">{\"@context\":\"https:\/\/schema.org\",\"@graph\":[{\"@type\":\"WebSite\",\"@id\":\"https:\/\/fotojoker.pl\/blog\/#website\",\"url\":\"https:\/\/fotojoker.pl\/blog\/\",\"name\":\"Blog FOTOJOKER.pl\",\"description\":\"Blog fotograficzny - to i owo dla ka\u017cdego fana robienia zdj\u0119\u0107 i czego\u015b z tych zdj\u0119\u0107.\",\"potentialAction\":[{\"@type\":\"SearchAction\",\"target\":{\"@type\":\"EntryPoint\",\"urlTemplate\":\"https:\/\/fotojoker.pl\/blog\/?s={search_term_string}\"},\"query-input\":\"required name=search_term_string\"}],\"inLanguage\":\"pl-PL\"},{\"@type\":\"ImageObject\",\"inLanguage\":\"pl-PL\",\"@id\":\"https:\/\/fotojoker.pl\/blog\/jakub-kazmierczyk-fotografia-wnetrz\/#primaryimage\",\"url\":\"https:\/\/fotoservice.fotojoker.pl\/blog\/wp-content\/uploads\/KAZM5246-HDR.jpg\",\"contentUrl\":\"https:\/\/fotoservice.fotojoker.pl\/blog\/wp-content\/uploads\/KAZM5246-HDR.jpg\",\"width\":800,\"height\":533,\"caption\":\"Jakub Ka\u017amierczyk\"},{\"@type\":\"WebPage\",\"@id\":\"https:\/\/fotojoker.pl\/blog\/jakub-kazmierczyk-fotografia-wnetrz\/#webpage\",\"url\":\"https:\/\/fotojoker.pl\/blog\/jakub-kazmierczyk-fotografia-wnetrz\/\",\"name\":\"Jakub Ka\u017amierczyk: Fotografia wn\u0119trz \u2013 pi\u0119kno tego, co w \u015brodku. - Blog FOTOJOKER.pl\",\"isPartOf\":{\"@id\":\"https:\/\/fotojoker.pl\/blog\/#website\"},\"primaryImageOfPage\":{\"@id\":\"https:\/\/fotojoker.pl\/blog\/jakub-kazmierczyk-fotografia-wnetrz\/#primaryimage\"},\"datePublished\":\"2019-03-04T11:06:33+00:00\",\"dateModified\":\"2019-03-04T11:48:51+00:00\",\"author\":{\"@id\":\"https:\/\/fotojoker.pl\/blog\/#\/schema\/person\/2633463810d76099c413154648c7f136\"},\"description\":\"Jakub Ka\u017amierczyk to utalentowany fotograf, kt\u00f3ry sprawdza si\u0119 w r\u00f3\u017cnorodnych dziedzinach fotografii. W tym wypadku opowiada o fotografi wn\u0119trz.\",\"breadcrumb\":{\"@id\":\"https:\/\/fotojoker.pl\/blog\/jakub-kazmierczyk-fotografia-wnetrz\/#breadcrumb\"},\"inLanguage\":\"pl-PL\",\"potentialAction\":[{\"@type\":\"ReadAction\",\"target\":[\"https:\/\/fotojoker.pl\/blog\/jakub-kazmierczyk-fotografia-wnetrz\/\"]}]},{\"@type\":\"BreadcrumbList\",\"@id\":\"https:\/\/fotojoker.pl\/blog\/jakub-kazmierczyk-fotografia-wnetrz\/#breadcrumb\",\"itemListElement\":[{\"@type\":\"ListItem\",\"position\":1,\"name\":\"Strona g\u0142\u00f3wna\",\"item\":\"https:\/\/fotojoker.pl\/blog\/\"},{\"@type\":\"ListItem\",\"position\":2,\"name\":\"Jakub Ka\u017amierczyk: Fotografia wn\u0119trz \u2013 pi\u0119kno tego, co w \u015brodku.\"}]},{\"@type\":\"Person\",\"@id\":\"https:\/\/fotojoker.pl\/blog\/#\/schema\/person\/2633463810d76099c413154648c7f136\",\"name\":\"Rafa\u0142 Wa\u0142\u0119ka\",\"image\":{\"@type\":\"ImageObject\",\"inLanguage\":\"pl-PL\",\"@id\":\"https:\/\/fotojoker.pl\/blog\/#\/schema\/person\/image\/\",\"url\":\"https:\/\/fotoservice.fotojoker.pl\/blog\/wp-content\/uploads\/user_1240032_b27236_huge-100x100.jpg\",\"contentUrl\":\"https:\/\/fotoservice.fotojoker.pl\/blog\/wp-content\/uploads\/user_1240032_b27236_huge-100x100.jpg\",\"caption\":\"Rafa\u0142 Wa\u0142\u0119ka\"},\"description\":\"Zawodowo Specjalista ds. Content Marketingu, a prywatnie fan ksi\u0105\u017cek, dobrego filmu oraz sportu i fotografii.\",\"url\":\"https:\/\/fotojoker.pl\/blog\/author\/rafal\/\"}]}<\/script>\n<!-- \/ Yoast SEO plugin. -->","yoast_head_json":{"title":"Jakub Ka\u017amierczyk: Fotografia wn\u0119trz \u2013 pi\u0119kno tego, co w \u015brodku. - Blog FOTOJOKER.pl","description":"Jakub Ka\u017amierczyk to utalentowany fotograf, kt\u00f3ry sprawdza si\u0119 w r\u00f3\u017cnorodnych dziedzinach fotografii. W tym wypadku opowiada o fotografi wn\u0119trz.","robots":{"index":"index","follow":"follow","max-snippet":"max-snippet:-1","max-image-preview":"max-image-preview:large","max-video-preview":"max-video-preview:-1"},"canonical":"https:\/\/fotojoker.pl\/blog\/jakub-kazmierczyk-fotografia-wnetrz\/","og_locale":"pl_PL","og_type":"article","og_title":"Jakub Ka\u017amierczyk: Fotografia wn\u0119trz \u2013 pi\u0119kno tego, co w \u015brodku. - Blog FOTOJOKER.pl","og_description":"Jakub Ka\u017amierczyk to utalentowany fotograf, kt\u00f3ry sprawdza si\u0119 w r\u00f3\u017cnorodnych dziedzinach fotografii. W tym wypadku opowiada o fotografi wn\u0119trz.","og_url":"https:\/\/fotojoker.pl\/blog\/jakub-kazmierczyk-fotografia-wnetrz\/","og_site_name":"Blog FOTOJOKER.pl","article_published_time":"2019-03-04T11:06:33+00:00","article_modified_time":"2019-03-04T11:48:51+00:00","og_image":[{"width":800,"height":533,"url":"https:\/\/fotoservice.fotojoker.pl\/blog\/wp-content\/uploads\/KAZM5246-HDR.jpg","type":"image\/jpeg"}],"twitter_card":"summary","twitter_misc":{"Napisane przez":"Rafa\u0142 Wa\u0142\u0119ka","Szacowany czas czytania":"9 minut"},"schema":{"@context":"https:\/\/schema.org","@graph":[{"@type":"WebSite","@id":"https:\/\/fotojoker.pl\/blog\/#website","url":"https:\/\/fotojoker.pl\/blog\/","name":"Blog FOTOJOKER.pl","description":"Blog fotograficzny - to i owo dla ka\u017cdego fana robienia zdj\u0119\u0107 i czego\u015b z tych zdj\u0119\u0107.","potentialAction":[{"@type":"SearchAction","target":{"@type":"EntryPoint","urlTemplate":"https:\/\/fotojoker.pl\/blog\/?s={search_term_string}"},"query-input":"required name=search_term_string"}],"inLanguage":"pl-PL"},{"@type":"ImageObject","inLanguage":"pl-PL","@id":"https:\/\/fotojoker.pl\/blog\/jakub-kazmierczyk-fotografia-wnetrz\/#primaryimage","url":"https:\/\/fotoservice.fotojoker.pl\/blog\/wp-content\/uploads\/KAZM5246-HDR.jpg","contentUrl":"https:\/\/fotoservice.fotojoker.pl\/blog\/wp-content\/uploads\/KAZM5246-HDR.jpg","width":800,"height":533,"caption":"Jakub Ka\u017amierczyk"},{"@type":"WebPage","@id":"https:\/\/fotojoker.pl\/blog\/jakub-kazmierczyk-fotografia-wnetrz\/#webpage","url":"https:\/\/fotojoker.pl\/blog\/jakub-kazmierczyk-fotografia-wnetrz\/","name":"Jakub Ka\u017amierczyk: Fotografia wn\u0119trz \u2013 pi\u0119kno tego, co w \u015brodku. - Blog FOTOJOKER.pl","isPartOf":{"@id":"https:\/\/fotojoker.pl\/blog\/#website"},"primaryImageOfPage":{"@id":"https:\/\/fotojoker.pl\/blog\/jakub-kazmierczyk-fotografia-wnetrz\/#primaryimage"},"datePublished":"2019-03-04T11:06:33+00:00","dateModified":"2019-03-04T11:48:51+00:00","author":{"@id":"https:\/\/fotojoker.pl\/blog\/#\/schema\/person\/2633463810d76099c413154648c7f136"},"description":"Jakub Ka\u017amierczyk to utalentowany fotograf, kt\u00f3ry sprawdza si\u0119 w r\u00f3\u017cnorodnych dziedzinach fotografii. W tym wypadku opowiada o fotografi wn\u0119trz.","breadcrumb":{"@id":"https:\/\/fotojoker.pl\/blog\/jakub-kazmierczyk-fotografia-wnetrz\/#breadcrumb"},"inLanguage":"pl-PL","potentialAction":[{"@type":"ReadAction","target":["https:\/\/fotojoker.pl\/blog\/jakub-kazmierczyk-fotografia-wnetrz\/"]}]},{"@type":"BreadcrumbList","@id":"https:\/\/fotojoker.pl\/blog\/jakub-kazmierczyk-fotografia-wnetrz\/#breadcrumb","itemListElement":[{"@type":"ListItem","position":1,"name":"Strona g\u0142\u00f3wna","item":"https:\/\/fotojoker.pl\/blog\/"},{"@type":"ListItem","position":2,"name":"Jakub Ka\u017amierczyk: Fotografia wn\u0119trz \u2013 pi\u0119kno tego, co w \u015brodku."}]},{"@type":"Person","@id":"https:\/\/fotojoker.pl\/blog\/#\/schema\/person\/2633463810d76099c413154648c7f136","name":"Rafa\u0142 Wa\u0142\u0119ka","image":{"@type":"ImageObject","inLanguage":"pl-PL","@id":"https:\/\/fotojoker.pl\/blog\/#\/schema\/person\/image\/","url":"https:\/\/fotoservice.fotojoker.pl\/blog\/wp-content\/uploads\/user_1240032_b27236_huge-100x100.jpg","contentUrl":"https:\/\/fotoservice.fotojoker.pl\/blog\/wp-content\/uploads\/user_1240032_b27236_huge-100x100.jpg","caption":"Rafa\u0142 Wa\u0142\u0119ka"},"description":"Zawodowo Specjalista ds. Content Marketingu, a prywatnie fan ksi\u0105\u017cek, dobrego filmu oraz sportu i fotografii.","url":"https:\/\/fotojoker.pl\/blog\/author\/rafal\/"}]}},"jetpack_featured_media_url":"https:\/\/fotoservice.fotojoker.pl\/blog\/wp-content\/uploads\/KAZM5246-HDR.jpg","jetpack_publicize_connections":[],"jetpack_sharing_enabled":true,"jetpack_shortlink":"https:\/\/wp.me\/p8cm9e-1MI","_links":{"self":[{"href":"https:\/\/fotojoker.pl\/blog\/wp-json\/wp\/v2\/posts\/6864"}],"collection":[{"href":"https:\/\/fotojoker.pl\/blog\/wp-json\/wp\/v2\/posts"}],"about":[{"href":"https:\/\/fotojoker.pl\/blog\/wp-json\/wp\/v2\/types\/post"}],"author":[{"embeddable":true,"href":"https:\/\/fotojoker.pl\/blog\/wp-json\/wp\/v2\/users\/8"}],"replies":[{"embeddable":true,"href":"https:\/\/fotojoker.pl\/blog\/wp-json\/wp\/v2\/comments?post=6864"}],"version-history":[{"count":20,"href":"https:\/\/fotojoker.pl\/blog\/wp-json\/wp\/v2\/posts\/6864\/revisions"}],"predecessor-version":[{"id":6893,"href":"https:\/\/fotojoker.pl\/blog\/wp-json\/wp\/v2\/posts\/6864\/revisions\/6893"}],"wp:featuredmedia":[{"embeddable":true,"href":"https:\/\/fotojoker.pl\/blog\/wp-json\/wp\/v2\/media\/6872"}],"wp:attachment":[{"href":"https:\/\/fotojoker.pl\/blog\/wp-json\/wp\/v2\/media?parent=6864"}],"wp:term":[{"taxonomy":"category","embeddable":true,"href":"https:\/\/fotojoker.pl\/blog\/wp-json\/wp\/v2\/categories?post=6864"},{"taxonomy":"post_tag","embeddable":true,"href":"https:\/\/fotojoker.pl\/blog\/wp-json\/wp\/v2\/tags?post=6864"}],"curies":[{"name":"wp","href":"https:\/\/api.w.org\/{rel}","templated":true}]}}