{"id":7025,"date":"2019-05-27T12:18:38","date_gmt":"2019-05-27T12:18:38","guid":{"rendered":"https:\/\/fotojoker.pl\/blog\/?p=7025"},"modified":"2019-05-27T13:01:05","modified_gmt":"2019-05-27T13:01:05","slug":"peak-design-paski-cuff-i-slide-lite","status":"publish","type":"post","link":"https:\/\/fotojoker.pl\/blog\/peak-design-paski-cuff-i-slide-lite\/","title":{"rendered":"Peak Design: paski CUFF i SLIDE LITE"},"content":{"rendered":"<div class=\"pntrst_main_before_after\"><\/div><p style=\"text-align: justify;\">Zapraszam Was do lektury pierwszego wpisu z cyklu po\u015bwi\u0119conego produktom marki Peak Design. Co dwa tygodnie b\u0119dziemy dodawa\u0107 nowy artyku\u0142, w kt\u00f3rym znajdziecie gar\u015b\u0107 informacji o r\u00f3\u017cnych akcesoriach marki. Wraz z tym cyklem, CEWE FOTOJOKER przygotowa\u0142 dla Was specjaln\u0105 promocj\u0119. Ka\u017cdy z produkt\u00f3w wspomnianych w tek\u015bcie przez kolejne 14 dni b\u0119dziecie mogli kupi\u0107 z rabatem 10%.<!--more--><\/p>\n<p style=\"text-align: justify;\">Zaczn\u0119 od podstawowego elementu wyposa\u017cenia aparatu fotograficznego czyli paska. Niezale\u017cnie od tego, kt\u00f3ra wersja produktu Peak Design Was interesuje, ka\u017cdy pasek obok do\u017cywotniej <a href=\"https:\/\/peakdesign.pl\/dozywotnia-gwarancja\/\" rel=\"nofollow\">gwarancji producenta<\/a>, stylowego wygl\u0105du i funkcjonalno\u015bci posiada specjalne mocowania do korpusu aparatu \u2013 anchor links. To charakterystyczny guziczek z logiem producenta, czerwon\u0105 obw\u00f3dk\u0105 i cienkim sznurkiem wykonanym z dyneemy (jest to materia\u0142 u\u017cywany do produkcji lin wspinaczkowych). Paski na ko\u0144cach maj\u0105 specjalnie zaprojektowane zaczepy, w kt\u00f3rych umieszczone s\u0105 kotwice. Dzi\u0119ki czemu, przypadkowe wypi\u0119cie paska jest praktycznie niemo\u017cliwe. Natomiast jego za\u0142o\u017cenie i zdj\u0119cie zajmuje tylko kilka sekund.<\/p>\n<div id=\"ez-toc-container\" class=\"ez-toc-v2_0_80 counter-hierarchy ez-toc-counter ez-toc-grey ez-toc-container-direction\">\n<div class=\"ez-toc-title-container\">\n<p class=\"ez-toc-title\" style=\"cursor:inherit\">Spis tre\u015bci<\/p>\n<span class=\"ez-toc-title-toggle\"><a href=\"#\" class=\"ez-toc-pull-right ez-toc-btn ez-toc-btn-xs ez-toc-btn-default ez-toc-toggle\" aria-label=\"Prze\u0142\u0105cznik Spisu Tre\u015bci\"><span class=\"ez-toc-js-icon-con\"><span class=\"\"><span class=\"eztoc-hide\" style=\"display:none;\">Toggle<\/span><span class=\"ez-toc-icon-toggle-span\"><svg style=\"fill: #999;color:#999\" xmlns=\"http:\/\/www.w3.org\/2000\/svg\" class=\"list-377408\" width=\"20px\" height=\"20px\" viewBox=\"0 0 24 24\" fill=\"none\"><path d=\"M6 6H4v2h2V6zm14 0H8v2h12V6zM4 11h2v2H4v-2zm16 0H8v2h12v-2zM4 16h2v2H4v-2zm16 0H8v2h12v-2z\" fill=\"currentColor\"><\/path><\/svg><svg style=\"fill: #999;color:#999\" class=\"arrow-unsorted-368013\" xmlns=\"http:\/\/www.w3.org\/2000\/svg\" width=\"10px\" height=\"10px\" viewBox=\"0 0 24 24\" version=\"1.2\" baseProfile=\"tiny\"><path d=\"M18.2 9.3l-6.2-6.3-6.2 6.3c-.2.2-.3.4-.3.7s.1.5.3.7c.2.2.4.3.7.3h11c.3 0 .5-.1.7-.3.2-.2.3-.5.3-.7s-.1-.5-.3-.7zM5.8 14.7l6.2 6.3 6.2-6.3c.2-.2.3-.5.3-.7s-.1-.5-.3-.7c-.2-.2-.4-.3-.7-.3h-11c-.3 0-.5.1-.7.3-.2.2-.3.5-.3.7s.1.5.3.7z\"\/><\/svg><\/span><\/span><\/span><\/a><\/span><\/div>\n<nav><ul class='ez-toc-list ez-toc-list-level-1 ' ><li class='ez-toc-page-1 ez-toc-heading-level-4'><a class=\"ez-toc-link ez-toc-heading-1\" href=\"https:\/\/fotojoker.pl\/blog\/peak-design-paski-cuff-i-slide-lite\/#Wytrzymale_paski_z_serii_CUFF\" >Wytrzyma\u0142e paski z serii CUFF<\/a><\/li><li class='ez-toc-page-1 ez-toc-heading-level-4'><a class=\"ez-toc-link ez-toc-heading-2\" href=\"https:\/\/fotojoker.pl\/blog\/peak-design-paski-cuff-i-slide-lite\/#Paski_SLIDE_LITE_%E2%80%93_idealne_na_szyje_lub_ramie\" >Paski SLIDE LITE \u2013 idealne na szyj\u0119 lub rami\u0119<\/a><\/li><\/ul><\/nav><\/div>\n<h4 style=\"text-align: justify;\"><span class=\"ez-toc-section\" id=\"Wytrzymale_paski_z_serii_CUFF\"><\/span>Wytrzyma\u0142e paski z serii CUFF<span class=\"ez-toc-section-end\"><\/span><\/h4>\n<p><img decoding=\"async\" loading=\"lazy\" class=\"size-medium wp-image-7034 alignleft\" src=\"https:\/\/fotojoker.pl\/blog\/wp-content\/uploads\/KBRT9120-300x200.jpg\" alt=\"\" width=\"300\" height=\"200\" srcset=\"https:\/\/fotoservice.fotojoker.pl\/blog\/wp-content\/uploads\/KBRT9120-300x200.jpg 300w, https:\/\/fotoservice.fotojoker.pl\/blog\/wp-content\/uploads\/KBRT9120-768x512.jpg 768w, https:\/\/fotoservice.fotojoker.pl\/blog\/wp-content\/uploads\/KBRT9120-1024x683.jpg 1024w, https:\/\/fotoservice.fotojoker.pl\/blog\/wp-content\/uploads\/KBRT9120-730x487.jpg 730w, https:\/\/fotoservice.fotojoker.pl\/blog\/wp-content\/uploads\/KBRT9120-1070x713.jpg 1070w\" sizes=\"(max-width: 300px) 100vw, 300px\" \/><\/p>\n<p style=\"text-align: justify;\">Pasek nadgarstkowy CUFF w ofercie CEWE FOTOJOKER jest dost\u0119pny w dw\u00f3ch wariantach kolorystycznych: <a href=\"https:\/\/www.e-fotojoker.pl\/pasek-na-nadgarstek-cuff-v3-popielaty\">popielatym<\/a> i <a href=\"https:\/\/www.e-fotojoker.pl\/pasek-na-nadgarstek-cuff-v3\">czarnym<\/a>. W jakiej sytuacji sprawdz\u0105 si\u0119 paski CUFF? Przyk\u0142adowo, gdy wykonujemy sesj\u0119 fotograficzn\u0105 w studio i musimy zmieni\u0107 modyfikator \u015bwiat\u0142a, przemie\u015bci\u0107 go lub skorygowa\u0107 moc lampy. Nie chcemy, \u017ceby aparat dynda\u0142 nam na szyi, a jednocze\u015bnie chcemy mie\u0107 wolne r\u0119ce. Paski przypadn\u0105 te\u017c do gustu pasjonatom fotografii ulicznej lub turystom. Sprawdz\u0105 si\u0119 tak\u017ce gdy nie chcemy epatowa\u0107 na oko\u0142o mark\u0105 naszego sprz\u0119tu, kt\u00f3ra cz\u0119sto jest wyeksponowana na paskach do\u0142\u0105czanych do aparat\u00f3w znanych producent\u00f3w. Dyskretno\u015b\u0107 paska CUFF to zdecydowanie jego zaleta. Ponadto gdy za pomoc\u0105 aluminiowej klamry dopasujemy pasek do naszej r\u0119ki, to nie jest \u0142atwo go zdj\u0105\u0107 bez wcze\u015bniejszego poluzowania. W pewnym stopniu to takie zabezpieczenie przed kradzie\u017c\u0105. Wart\u0105 uwagi cech\u0105 jest r\u00f3wnie\u017c jego masa.\u00a0 CUFF\u00a0 wa\u017cy tyle co nic, bo jak inaczej okre\u015bli\u0107 25 gram? To mniej ni\u017c np. tabliczka czekolady. Pasek ma wszyty magnes, zatem kiedy nie jest u\u017cywany mo\u017ce spe\u0142ni\u0107 rol\u0119 dekoracji na nadgarstku. Nie powoduj\u0105c \u017cadnego dyskomfortu oraz nie kr\u0119puj\u0105c ruch\u00f3w.<\/p>\n<p><img decoding=\"async\" loading=\"lazy\" class=\"size-large wp-image-7035 aligncenter\" src=\"https:\/\/fotojoker.pl\/blog\/wp-content\/uploads\/KBRT9124-1024x683.jpg\" alt=\"\" width=\"730\" height=\"487\" srcset=\"https:\/\/fotoservice.fotojoker.pl\/blog\/wp-content\/uploads\/KBRT9124-1024x683.jpg 1024w, https:\/\/fotoservice.fotojoker.pl\/blog\/wp-content\/uploads\/KBRT9124-300x200.jpg 300w, https:\/\/fotoservice.fotojoker.pl\/blog\/wp-content\/uploads\/KBRT9124-768x512.jpg 768w, https:\/\/fotoservice.fotojoker.pl\/blog\/wp-content\/uploads\/KBRT9124-730x487.jpg 730w, https:\/\/fotoservice.fotojoker.pl\/blog\/wp-content\/uploads\/KBRT9124-1070x713.jpg 1070w\" sizes=\"(max-width: 730px) 100vw, 730px\" \/><\/p>\n<h4 style=\"text-align: justify;\"><span class=\"ez-toc-section\" id=\"Paski_SLIDE_LITE_%E2%80%93_idealne_na_szyje_lub_ramie\"><\/span>Paski SLIDE LITE \u2013 idealne na szyj\u0119 lub rami\u0119<span class=\"ez-toc-section-end\"><\/span><\/h4>\n<p style=\"text-align: justify;\"><img decoding=\"async\" loading=\"lazy\" class=\"size-medium wp-image-7029 alignright\" src=\"https:\/\/fotojoker.pl\/blog\/wp-content\/uploads\/DSC04554-300x200.jpg\" alt=\"\" width=\"300\" height=\"200\" srcset=\"https:\/\/fotoservice.fotojoker.pl\/blog\/wp-content\/uploads\/DSC04554-300x200.jpg 300w, https:\/\/fotoservice.fotojoker.pl\/blog\/wp-content\/uploads\/DSC04554-768x512.jpg 768w, https:\/\/fotoservice.fotojoker.pl\/blog\/wp-content\/uploads\/DSC04554-1024x683.jpg 1024w, https:\/\/fotoservice.fotojoker.pl\/blog\/wp-content\/uploads\/DSC04554-730x487.jpg 730w, https:\/\/fotoservice.fotojoker.pl\/blog\/wp-content\/uploads\/DSC04554-1070x714.jpg 1070w\" sizes=\"(max-width: 300px) 100vw, 300px\" \/>Z kolei fotografom, kt\u00f3rzy lubi\u0105 trzyma\u0107 sw\u00f3j aparat blisko przy sobie na pewno przypadn\u0105 do gusty produkty z serii SLIDE LITE. W mojej ocenie jest to bardzo wygodny i uniwersalny gad\u017cet. W ofercie CEWE FOTOJOKER dost\u0119pny jest w dw\u00f3ch wersjach kolorystycznych: <a href=\"https:\/\/www.e-fotojoker.pl\/peak-design-pasek-na-szyje-lub-ramie-slide-lite-v3-popielaty-do-lekkich-aparat%C3%B3w\">popielatej<\/a> oraz <a href=\"https:\/\/www.e-fotojoker.pl\/peak-design-pasek-na-szyje-lub-ramie-slide-lite-v3-czarny-do-lekkich-aparatow\">czarnej<\/a>. Do aparatu mocowany jest dok\u0142adnie tak samo jak pasek CUFF, czyli za pomoc\u0105 kotwic, kt\u00f3rych przy zakupie dostajemy a\u017c 4. W zestawie znajdziemy r\u00f3wnie\u017c p\u0142ytk\u0119 wkr\u0119can\u0105 kluczem imbusowym w mocowanie statywowe, do kt\u00f3rej te\u017c mo\u017cemy przyczepi\u0107 kotwic\u0119. Zatem mo\u017cemy nosi\u0107 go na dwa sposoby, w zale\u017cno\u015bci od indywidualnych preferencji. Pasek zosta\u0142 wykonany z wytrzyma\u0142ych nylonowych splot\u00f3w.\u00a0 Nie znajdziemy na nim hieroglif\u00f3w lub innych ornament\u00f3w, tylko klasyczne i proste wzornictwo. Jego zmienn\u0105 d\u0142ugo\u015b\u0107 od oko\u0142o metra do oko\u0142o 140 cm regulujemy za po\u015brednictwem klamry, kt\u00f3ra otwierana i zamykana jest w intuicyjny spos\u00f3b. Bezproblemowo wykonamy to jedn\u0105 r\u0119k\u0105. Centralna cz\u0119\u015b\u0107 paska na jednej ze stron zosta\u0142a pokryta gumowymi wypustkami, dzi\u0119ki czemu pasek samoistnie nie powinien przesuwa\u0107 si\u0119 po powierzchni ubrania. Uwa\u017cam go za idealny wyb\u00f3r do wi\u0119kszo\u015bci aparat\u00f3w.<\/p>\n<p style=\"text-align: justify;\">To tyle w cz\u0119\u015bci po\u015bwi\u0119conych paskom. W nast\u0119pnym artykule opowiem o kolejnym z moich ulubionych rozwi\u0105za\u0144 \u2013 uchwytach z serii Capture Pro.<\/p>\n<p style=\"text-align: justify;\">Od dzisiaj do 10 czerwca oba wspomniane paski kupicie z 10% rabatem. Promocja dotyczy zar\u00f3wno zakup\u00f3w w sklepie internetowym, jak i mo\u017cna z niej skorzysta\u0107 w sklepach stacjonarnych. By skorzysta\u0107 z rabatu podczas sk\u0142adania zam\u00f3wienia online nale\u017cy wpisa\u0107 kod <strong>RABAT10%<\/strong>. Szczeg\u00f3lnie przed sezonem wakacyjnym warto wyposa\u017cy\u0107 si\u0119 w taki gad\u017cet.<\/p>\n<p><img decoding=\"async\" loading=\"lazy\" class=\"size-large wp-image-7031 aligncenter\" src=\"https:\/\/fotojoker.pl\/blog\/wp-content\/uploads\/DSC04782-1024x683.jpg\" alt=\"\" width=\"730\" height=\"487\" srcset=\"https:\/\/fotoservice.fotojoker.pl\/blog\/wp-content\/uploads\/DSC04782-1024x683.jpg 1024w, https:\/\/fotoservice.fotojoker.pl\/blog\/wp-content\/uploads\/DSC04782-300x200.jpg 300w, https:\/\/fotoservice.fotojoker.pl\/blog\/wp-content\/uploads\/DSC04782-768x512.jpg 768w, https:\/\/fotoservice.fotojoker.pl\/blog\/wp-content\/uploads\/DSC04782-730x487.jpg 730w, https:\/\/fotoservice.fotojoker.pl\/blog\/wp-content\/uploads\/DSC04782-1070x714.jpg 1070w\" sizes=\"(max-width: 730px) 100vw, 730px\" \/><\/p>\n<p style=\"text-align: justify;\"><strong>Partnerem cyklu jest <\/strong><strong>Sansa Europe Sp. z o.o., wy\u0142\u0105czny dystrybutor marki Peak Design na terenie Polski.<\/strong><\/p>\n<p style=\"text-align: justify;\">Zdj\u0119cia w plenerze &#8211; Grzegorz Maci\u0105g<br \/>\n@<a href=\"https:\/\/www.facebook.com\/Macgregor-Photography-230889363727771\/\" rel=\"dofollow\">Facebook<\/a><\/p>\n<p style=\"text-align: justify;\">@<a href=\"https:\/\/www.instagram.com\/grzesiekmaciag\/\" rel=\"dofollow\">Instagram<\/a><\/p>\n<p style=\"text-align: justify;\">Tekst i zdj\u0119cia produktowe &#8211; Karol Bartnik<\/p>\n<p style=\"text-align: justify;\">@<a href=\"https:\/\/www.facebook.com\/karol.bartnik.fotografia\/\" rel=\"dofollow\">Facebook<\/a><\/p>\n<p style=\"text-align: justify;\">@<a href=\"https:\/\/www.instagram.com\/karol_bartnik\/\" rel=\"dofollow\">Instagram <\/a><\/p>\n<div class=\"pntrst_main_before_after\"><\/div>","protected":false},"excerpt":{"rendered":"<p>Zapraszam Was do lektury pierwszego wpisu z cyklu po\u015bwi\u0119conego produktom marki Peak Design. Co dwa tygodnie b\u0119dziemy dodawa\u0107 nowy artyku\u0142, w kt\u00f3rym znajdziecie gar\u015b\u0107 informacji o r\u00f3\u017cnych akcesoriach marki. Wraz z tym cyklem, CEWE FOTOJOKER przygotowa\u0142 dla Was specjaln\u0105 promocj\u0119. Ka\u017cdy z produkt\u00f3w wspomnianych w tek\u015bcie przez kolejne 14 dni b\u0119dziecie mogli kupi\u0107 z rabatem [&hellip;]<\/p>\n","protected":false},"author":11,"featured_media":7038,"comment_status":"open","ping_status":"open","sticky":false,"template":"","format":"standard","meta":{"inline_featured_image":false,"spay_email":"","jetpack_publicize_message":"","jetpack_is_tweetstorm":false,"jetpack_publicize_feature_enabled":true},"categories":[4],"tags":[],"yoast_head":"<!-- This site is optimized with the Yoast SEO plugin v19.1 - https:\/\/yoast.com\/wordpress\/plugins\/seo\/ -->\n<title>Peak Design: paski CUFF i SLIDE LITE - Blog FOTOJOKER.pl<\/title>\n<meta name=\"robots\" content=\"index, follow, max-snippet:-1, max-image-preview:large, max-video-preview:-1\" \/>\n<link rel=\"canonical\" href=\"https:\/\/fotojoker.pl\/blog\/peak-design-paski-cuff-i-slide-lite\/\" \/>\n<meta property=\"og:locale\" content=\"pl_PL\" \/>\n<meta property=\"og:type\" content=\"article\" \/>\n<meta property=\"og:title\" content=\"Peak Design: paski CUFF i SLIDE LITE - Blog FOTOJOKER.pl\" \/>\n<meta property=\"og:description\" content=\"Zapraszam Was do lektury pierwszego wpisu z cyklu po\u015bwi\u0119conego produktom marki Peak Design. Co dwa tygodnie b\u0119dziemy dodawa\u0107 nowy artyku\u0142, w kt\u00f3rym znajdziecie gar\u015b\u0107 informacji o r\u00f3\u017cnych akcesoriach marki. Wraz z tym cyklem, CEWE FOTOJOKER przygotowa\u0142 dla Was specjaln\u0105 promocj\u0119. Ka\u017cdy z produkt\u00f3w wspomnianych w tek\u015bcie przez kolejne 14 dni b\u0119dziecie mogli kupi\u0107 z rabatem [&hellip;]\" \/>\n<meta property=\"og:url\" content=\"https:\/\/fotojoker.pl\/blog\/peak-design-paski-cuff-i-slide-lite\/\" \/>\n<meta property=\"og:site_name\" content=\"Blog FOTOJOKER.pl\" \/>\n<meta property=\"article:published_time\" content=\"2019-05-27T12:18:38+00:00\" \/>\n<meta property=\"article:modified_time\" content=\"2019-05-27T13:01:05+00:00\" \/>\n<meta property=\"og:image\" content=\"https:\/\/fotoservice.fotojoker.pl\/blog\/wp-content\/uploads\/670x400-1.png\" \/>\n\t<meta property=\"og:image:width\" content=\"670\" \/>\n\t<meta property=\"og:image:height\" content=\"600\" \/>\n\t<meta property=\"og:image:type\" content=\"image\/png\" \/>\n<meta name=\"twitter:card\" content=\"summary\" \/>\n<meta name=\"twitter:label1\" content=\"Napisane przez\" \/>\n\t<meta name=\"twitter:data1\" content=\"Dominika Niewi\u0144ska\" \/>\n\t<meta name=\"twitter:label2\" content=\"Szacowany czas czytania\" \/>\n\t<meta name=\"twitter:data2\" content=\"4 minuty\" \/>\n<script type=\"application\/ld+json\" class=\"yoast-schema-graph\">{\"@context\":\"https:\/\/schema.org\",\"@graph\":[{\"@type\":\"WebSite\",\"@id\":\"https:\/\/fotojoker.pl\/blog\/#website\",\"url\":\"https:\/\/fotojoker.pl\/blog\/\",\"name\":\"Blog FOTOJOKER.pl\",\"description\":\"Blog fotograficzny - to i owo dla ka\u017cdego fana robienia zdj\u0119\u0107 i czego\u015b z tych zdj\u0119\u0107.\",\"potentialAction\":[{\"@type\":\"SearchAction\",\"target\":{\"@type\":\"EntryPoint\",\"urlTemplate\":\"https:\/\/fotojoker.pl\/blog\/?s={search_term_string}\"},\"query-input\":\"required name=search_term_string\"}],\"inLanguage\":\"pl-PL\"},{\"@type\":\"ImageObject\",\"inLanguage\":\"pl-PL\",\"@id\":\"https:\/\/fotojoker.pl\/blog\/peak-design-paski-cuff-i-slide-lite\/#primaryimage\",\"url\":\"https:\/\/fotoservice.fotojoker.pl\/blog\/wp-content\/uploads\/670x400-1.png\",\"contentUrl\":\"https:\/\/fotoservice.fotojoker.pl\/blog\/wp-content\/uploads\/670x400-1.png\",\"width\":670,\"height\":600},{\"@type\":\"WebPage\",\"@id\":\"https:\/\/fotojoker.pl\/blog\/peak-design-paski-cuff-i-slide-lite\/#webpage\",\"url\":\"https:\/\/fotojoker.pl\/blog\/peak-design-paski-cuff-i-slide-lite\/\",\"name\":\"Peak Design: paski CUFF i SLIDE LITE - Blog FOTOJOKER.pl\",\"isPartOf\":{\"@id\":\"https:\/\/fotojoker.pl\/blog\/#website\"},\"primaryImageOfPage\":{\"@id\":\"https:\/\/fotojoker.pl\/blog\/peak-design-paski-cuff-i-slide-lite\/#primaryimage\"},\"datePublished\":\"2019-05-27T12:18:38+00:00\",\"dateModified\":\"2019-05-27T13:01:05+00:00\",\"author\":{\"@id\":\"https:\/\/fotojoker.pl\/blog\/#\/schema\/person\/837573cba5b5d0684e65d4773dd21fdd\"},\"breadcrumb\":{\"@id\":\"https:\/\/fotojoker.pl\/blog\/peak-design-paski-cuff-i-slide-lite\/#breadcrumb\"},\"inLanguage\":\"pl-PL\",\"potentialAction\":[{\"@type\":\"ReadAction\",\"target\":[\"https:\/\/fotojoker.pl\/blog\/peak-design-paski-cuff-i-slide-lite\/\"]}]},{\"@type\":\"BreadcrumbList\",\"@id\":\"https:\/\/fotojoker.pl\/blog\/peak-design-paski-cuff-i-slide-lite\/#breadcrumb\",\"itemListElement\":[{\"@type\":\"ListItem\",\"position\":1,\"name\":\"Strona g\u0142\u00f3wna\",\"item\":\"https:\/\/fotojoker.pl\/blog\/\"},{\"@type\":\"ListItem\",\"position\":2,\"name\":\"Peak Design: paski CUFF i SLIDE LITE\"}]},{\"@type\":\"Person\",\"@id\":\"https:\/\/fotojoker.pl\/blog\/#\/schema\/person\/837573cba5b5d0684e65d4773dd21fdd\",\"name\":\"Dominika Niewi\u0144ska\",\"image\":{\"@type\":\"ImageObject\",\"inLanguage\":\"pl-PL\",\"@id\":\"https:\/\/fotojoker.pl\/blog\/#\/schema\/person\/image\/\",\"url\":\"https:\/\/fotoservice.fotojoker.pl\/blog\/wp-content\/plugins\/wp-user-avatar\/deprecated\/wp-user-avatar\/images\/wpua-96x96.png\",\"contentUrl\":\"https:\/\/fotoservice.fotojoker.pl\/blog\/wp-content\/plugins\/wp-user-avatar\/deprecated\/wp-user-avatar\/images\/wpua-96x96.png\",\"caption\":\"Dominika Niewi\u0144ska\"},\"url\":\"https:\/\/fotojoker.pl\/blog\/author\/dominika\/\"}]}<\/script>\n<!-- \/ Yoast SEO plugin. -->","yoast_head_json":{"title":"Peak Design: paski CUFF i SLIDE LITE - Blog FOTOJOKER.pl","robots":{"index":"index","follow":"follow","max-snippet":"max-snippet:-1","max-image-preview":"max-image-preview:large","max-video-preview":"max-video-preview:-1"},"canonical":"https:\/\/fotojoker.pl\/blog\/peak-design-paski-cuff-i-slide-lite\/","og_locale":"pl_PL","og_type":"article","og_title":"Peak Design: paski CUFF i SLIDE LITE - Blog FOTOJOKER.pl","og_description":"Zapraszam Was do lektury pierwszego wpisu z cyklu po\u015bwi\u0119conego produktom marki Peak Design. Co dwa tygodnie b\u0119dziemy dodawa\u0107 nowy artyku\u0142, w kt\u00f3rym znajdziecie gar\u015b\u0107 informacji o r\u00f3\u017cnych akcesoriach marki. Wraz z tym cyklem, CEWE FOTOJOKER przygotowa\u0142 dla Was specjaln\u0105 promocj\u0119. Ka\u017cdy z produkt\u00f3w wspomnianych w tek\u015bcie przez kolejne 14 dni b\u0119dziecie mogli kupi\u0107 z rabatem [&hellip;]","og_url":"https:\/\/fotojoker.pl\/blog\/peak-design-paski-cuff-i-slide-lite\/","og_site_name":"Blog FOTOJOKER.pl","article_published_time":"2019-05-27T12:18:38+00:00","article_modified_time":"2019-05-27T13:01:05+00:00","og_image":[{"width":670,"height":600,"url":"https:\/\/fotoservice.fotojoker.pl\/blog\/wp-content\/uploads\/670x400-1.png","type":"image\/png"}],"twitter_card":"summary","twitter_misc":{"Napisane przez":"Dominika Niewi\u0144ska","Szacowany czas czytania":"4 minuty"},"schema":{"@context":"https:\/\/schema.org","@graph":[{"@type":"WebSite","@id":"https:\/\/fotojoker.pl\/blog\/#website","url":"https:\/\/fotojoker.pl\/blog\/","name":"Blog FOTOJOKER.pl","description":"Blog fotograficzny - to i owo dla ka\u017cdego fana robienia zdj\u0119\u0107 i czego\u015b z tych zdj\u0119\u0107.","potentialAction":[{"@type":"SearchAction","target":{"@type":"EntryPoint","urlTemplate":"https:\/\/fotojoker.pl\/blog\/?s={search_term_string}"},"query-input":"required name=search_term_string"}],"inLanguage":"pl-PL"},{"@type":"ImageObject","inLanguage":"pl-PL","@id":"https:\/\/fotojoker.pl\/blog\/peak-design-paski-cuff-i-slide-lite\/#primaryimage","url":"https:\/\/fotoservice.fotojoker.pl\/blog\/wp-content\/uploads\/670x400-1.png","contentUrl":"https:\/\/fotoservice.fotojoker.pl\/blog\/wp-content\/uploads\/670x400-1.png","width":670,"height":600},{"@type":"WebPage","@id":"https:\/\/fotojoker.pl\/blog\/peak-design-paski-cuff-i-slide-lite\/#webpage","url":"https:\/\/fotojoker.pl\/blog\/peak-design-paski-cuff-i-slide-lite\/","name":"Peak Design: paski CUFF i SLIDE LITE - Blog FOTOJOKER.pl","isPartOf":{"@id":"https:\/\/fotojoker.pl\/blog\/#website"},"primaryImageOfPage":{"@id":"https:\/\/fotojoker.pl\/blog\/peak-design-paski-cuff-i-slide-lite\/#primaryimage"},"datePublished":"2019-05-27T12:18:38+00:00","dateModified":"2019-05-27T13:01:05+00:00","author":{"@id":"https:\/\/fotojoker.pl\/blog\/#\/schema\/person\/837573cba5b5d0684e65d4773dd21fdd"},"breadcrumb":{"@id":"https:\/\/fotojoker.pl\/blog\/peak-design-paski-cuff-i-slide-lite\/#breadcrumb"},"inLanguage":"pl-PL","potentialAction":[{"@type":"ReadAction","target":["https:\/\/fotojoker.pl\/blog\/peak-design-paski-cuff-i-slide-lite\/"]}]},{"@type":"BreadcrumbList","@id":"https:\/\/fotojoker.pl\/blog\/peak-design-paski-cuff-i-slide-lite\/#breadcrumb","itemListElement":[{"@type":"ListItem","position":1,"name":"Strona g\u0142\u00f3wna","item":"https:\/\/fotojoker.pl\/blog\/"},{"@type":"ListItem","position":2,"name":"Peak Design: paski CUFF i SLIDE LITE"}]},{"@type":"Person","@id":"https:\/\/fotojoker.pl\/blog\/#\/schema\/person\/837573cba5b5d0684e65d4773dd21fdd","name":"Dominika Niewi\u0144ska","image":{"@type":"ImageObject","inLanguage":"pl-PL","@id":"https:\/\/fotojoker.pl\/blog\/#\/schema\/person\/image\/","url":"https:\/\/fotoservice.fotojoker.pl\/blog\/wp-content\/plugins\/wp-user-avatar\/deprecated\/wp-user-avatar\/images\/wpua-96x96.png","contentUrl":"https:\/\/fotoservice.fotojoker.pl\/blog\/wp-content\/plugins\/wp-user-avatar\/deprecated\/wp-user-avatar\/images\/wpua-96x96.png","caption":"Dominika Niewi\u0144ska"},"url":"https:\/\/fotojoker.pl\/blog\/author\/dominika\/"}]}},"jetpack_featured_media_url":"https:\/\/fotoservice.fotojoker.pl\/blog\/wp-content\/uploads\/670x400-1.png","jetpack_publicize_connections":[],"jetpack_sharing_enabled":true,"jetpack_shortlink":"https:\/\/wp.me\/p8cm9e-1Pj","_links":{"self":[{"href":"https:\/\/fotojoker.pl\/blog\/wp-json\/wp\/v2\/posts\/7025"}],"collection":[{"href":"https:\/\/fotojoker.pl\/blog\/wp-json\/wp\/v2\/posts"}],"about":[{"href":"https:\/\/fotojoker.pl\/blog\/wp-json\/wp\/v2\/types\/post"}],"author":[{"embeddable":true,"href":"https:\/\/fotojoker.pl\/blog\/wp-json\/wp\/v2\/users\/11"}],"replies":[{"embeddable":true,"href":"https:\/\/fotojoker.pl\/blog\/wp-json\/wp\/v2\/comments?post=7025"}],"version-history":[{"count":3,"href":"https:\/\/fotojoker.pl\/blog\/wp-json\/wp\/v2\/posts\/7025\/revisions"}],"predecessor-version":[{"id":7040,"href":"https:\/\/fotojoker.pl\/blog\/wp-json\/wp\/v2\/posts\/7025\/revisions\/7040"}],"wp:featuredmedia":[{"embeddable":true,"href":"https:\/\/fotojoker.pl\/blog\/wp-json\/wp\/v2\/media\/7038"}],"wp:attachment":[{"href":"https:\/\/fotojoker.pl\/blog\/wp-json\/wp\/v2\/media?parent=7025"}],"wp:term":[{"taxonomy":"category","embeddable":true,"href":"https:\/\/fotojoker.pl\/blog\/wp-json\/wp\/v2\/categories?post=7025"},{"taxonomy":"post_tag","embeddable":true,"href":"https:\/\/fotojoker.pl\/blog\/wp-json\/wp\/v2\/tags?post=7025"}],"curies":[{"name":"wp","href":"https:\/\/api.w.org\/{rel}","templated":true}]}}