{"id":7837,"date":"2021-07-08T09:07:37","date_gmt":"2021-07-08T09:07:37","guid":{"rendered":"https:\/\/fotojoker.pl\/blog\/?p=7837"},"modified":"2021-07-08T12:22:51","modified_gmt":"2021-07-08T12:22:51","slug":"jaki-aparat-na-letni-wyjazd","status":"publish","type":"post","link":"https:\/\/fotojoker.pl\/blog\/jaki-aparat-na-letni-wyjazd\/","title":{"rendered":"Jaki aparat na letni\u00a0wyjazd?"},"content":{"rendered":"<div class=\"pntrst_main_before_after\"><\/div><p><strong>Beztroski letni czas to idealny moment na uchwycenie niezapomnianych kadr\u00f3w. Nie zale\u017cnie od tego czy planujesz d\u0142u\u017cszy urlop czy weekendowy wyjazd, to b\u0119dzie to znakomita okazja do wykonania wielu \u015bwietnych zdj\u0119\u0107 rodzinnych i rozwijanie fotograficznej pasji. <\/strong><strong>Zatem je\u015bli zastanawiasz si\u0119, jaki aparat na letni wyjazd b\u0119dzie idealnie zagra z Twoj\u0105 pasj\u0105 fotograficzn\u0105, to sprawd\u017a nasz mini poradnik.<\/strong><\/p>\n<p>&nbsp;<\/p>\n<p><!--more--><\/p>\n<p>Dobry wakacyjny sprz\u0119t przyda si\u0119\u00a0ka\u017cdemu &#8211; zar\u00f3wno fotografom tylko od czasu do czasu si\u0119gaj\u0105cym po aparat, jak i pasjonatom, kt\u00f3rzy w trakcie urlopu chc\u0105 skupi\u0107\u00a0si\u0119 na swojej pasji. Poni\u017csze propozycje usatysfakcjonuj\u0105 zar\u00f3wno tych, kt\u00f3rzy chc\u0105 poszerza\u0107 rodzinne wyj\u0105tkowe wspomnienia uchwycone na zdj\u0119ciach z roze\u015bmianymi cz\u0142onkami rodziny, ukazuj\u0105cych wsp\u00f3lnie sp\u0119dzone chwile np. przy wieczornym ognisku na pla\u017cy, jak i tych, kt\u00f3rzy w trakcie wycieczki poluj\u0105 na wyj\u0105tkowe kadry do swojego portfolio. Niezale\u017cnie czy wykonujesz <a href=\"https:\/\/fotojoker.pl\/blog\/fotografia-rodzaje-fotografii\/\">fotografi\u0119 krajobrazow\u0105<\/a>, dokumentaln\u0105, architektury czy <a href=\"https:\/\/fotojoker.pl\/blog\/ty-tez-mozesz-robic-dobre-portrety\/\">portretow\u0105<\/a> w czasie najbli\u017cszego urlopu z pewno\u015bci\u0105 nadarzy si\u0119\u00a0wiele okazji, aby zgromadzi\u0107\u00a0\u015bwietne prace. Te aparaty pomog\u0105 Ci wr\u00f3ci\u0107 do domu z niezapomnianymi kadrami, kt\u00f3re b\u0119d\u0105 przypomina\u0107 Ci o tym, jak dobrze bawi\u0142e\u015b si\u0119 w czasie letniego wyjazdu.<\/p>\n<p><img decoding=\"async\" loading=\"lazy\" class=\"alignnone size-full wp-image-7838\" src=\"https:\/\/fotojoker.pl\/blog\/wp-content\/uploads\/tekst-1_1.jpg\" alt=\"Jaki aparat wybra\u0107 na letni\u00a0wyjazd? ognisko\" width=\"756\" height=\"400\" srcset=\"https:\/\/fotoservice.fotojoker.pl\/blog\/wp-content\/uploads\/tekst-1_1.jpg 756w, https:\/\/fotoservice.fotojoker.pl\/blog\/wp-content\/uploads\/tekst-1_1-300x159.jpg 300w, https:\/\/fotoservice.fotojoker.pl\/blog\/wp-content\/uploads\/tekst-1_1-730x386.jpg 730w, https:\/\/fotoservice.fotojoker.pl\/blog\/wp-content\/uploads\/tekst-1_1-350x185.jpg 350w, https:\/\/fotoservice.fotojoker.pl\/blog\/wp-content\/uploads\/tekst-1_1-514x272.jpg 514w\" sizes=\"(max-width: 756px) 100vw, 756px\" \/><\/p>\n<div id=\"ez-toc-container\" class=\"ez-toc-v2_0_80 counter-hierarchy ez-toc-counter ez-toc-grey ez-toc-container-direction\">\n<div class=\"ez-toc-title-container\">\n<p class=\"ez-toc-title\" style=\"cursor:inherit\">Spis tre\u015bci<\/p>\n<span class=\"ez-toc-title-toggle\"><a href=\"#\" class=\"ez-toc-pull-right ez-toc-btn ez-toc-btn-xs ez-toc-btn-default ez-toc-toggle\" aria-label=\"Prze\u0142\u0105cznik Spisu Tre\u015bci\"><span class=\"ez-toc-js-icon-con\"><span class=\"\"><span class=\"eztoc-hide\" style=\"display:none;\">Toggle<\/span><span class=\"ez-toc-icon-toggle-span\"><svg style=\"fill: #999;color:#999\" xmlns=\"http:\/\/www.w3.org\/2000\/svg\" class=\"list-377408\" width=\"20px\" height=\"20px\" viewBox=\"0 0 24 24\" fill=\"none\"><path d=\"M6 6H4v2h2V6zm14 0H8v2h12V6zM4 11h2v2H4v-2zm16 0H8v2h12v-2zM4 16h2v2H4v-2zm16 0H8v2h12v-2z\" fill=\"currentColor\"><\/path><\/svg><svg style=\"fill: #999;color:#999\" class=\"arrow-unsorted-368013\" xmlns=\"http:\/\/www.w3.org\/2000\/svg\" width=\"10px\" height=\"10px\" viewBox=\"0 0 24 24\" version=\"1.2\" baseProfile=\"tiny\"><path d=\"M18.2 9.3l-6.2-6.3-6.2 6.3c-.2.2-.3.4-.3.7s.1.5.3.7c.2.2.4.3.7.3h11c.3 0 .5-.1.7-.3.2-.2.3-.5.3-.7s-.1-.5-.3-.7zM5.8 14.7l6.2 6.3 6.2-6.3c.2-.2.3-.5.3-.7s-.1-.5-.3-.7c-.2-.2-.4-.3-.7-.3h-11c-.3 0-.5.1-.7.3-.2.2-.3.5-.3.7s.1.5.3.7z\"\/><\/svg><\/span><\/span><\/span><\/a><\/span><\/div>\n<nav><ul class='ez-toc-list ez-toc-list-level-1 ' ><li class='ez-toc-page-1 ez-toc-heading-level-2'><a class=\"ez-toc-link ez-toc-heading-1\" href=\"https:\/\/fotojoker.pl\/blog\/jaki-aparat-na-letni-wyjazd\/#Aparat_na_letni_wyjazd_%E2%80%93_pierwszy_kandydat_Olympus_OM-D_E-M10_Mark_IV\" >Aparat na letni wyjazd &#8211; pierwszy kandydat: Olympus OM-D E-M10 Mark IV<\/a><\/li><li class='ez-toc-page-1 ez-toc-heading-level-2'><a class=\"ez-toc-link ez-toc-heading-2\" href=\"https:\/\/fotojoker.pl\/blog\/jaki-aparat-na-letni-wyjazd\/#Idealny_sprzet_na_lato_%E2%80%93_kandydat_numer_dwa_Canon_EOS_M50_z_ob_EF-M_15-45mm\" >Idealny sprz\u0119t na lato &#8211; kandydat numer dwa: Canon EOS M50 z ob. EF-M 15-45mm\u00a0<\/a><\/li><li class='ez-toc-page-1 ez-toc-heading-level-2'><a class=\"ez-toc-link ez-toc-heading-3\" href=\"https:\/\/fotojoker.pl\/blog\/jaki-aparat-na-letni-wyjazd\/#Fujifilm_X-A7_z_ob_XC_15-45_mm_f35-56_OIS_PZ\" >Fujifilm X-A7 z ob. XC 15-45 mm f\/3.5-5.6 OIS PZ<\/a><\/li><\/ul><\/nav><\/div>\n<h2 class=\"sg-cw-font-weight-500 sg-cw-no-margin\"><span class=\"ez-toc-section\" id=\"Aparat_na_letni_wyjazd_%E2%80%93_pierwszy_kandydat_Olympus_OM-D_E-M10_Mark_IV\"><\/span><a href=\"https:\/\/fotojoker.pl\/produkt\/olympus-om-d-e-m10-mark-iv-14-42mm-f-35-56-ez-pancake-srebrny\"><span class=\"pdp-product-name\" data-for-catalog-entry=\"1504816\">Aparat na letni wyjazd &#8211; pierwszy kandydat: Olympus OM-D E-M10 Mark IV<\/span><\/a><span class=\"ez-toc-section-end\"><\/span><\/h2>\n<p>Ju\u017c przy pierwszym spojrzeniu na Olympusa OM-D E-M10 Mark IV wida\u0107, dlaczego to dobry kandydat na towarzysza kolejnego letniego wypadu. Kompaktowa i jednocze\u015bnie stylowa konstrukcja u\u0142atwia noszenie go przy sobie. Ten dyskretny aparat mo\u017cesz mie\u0107 ca\u0142y czas pod r\u0119k\u0105. Tak aby nie przegapi\u0107 \u017cadnego cudownego momentu z \u017cycia Twojej rodziny. A tak\u017ce zaskakuj\u0105cego kadru podczas uprawiania street photo w nowym miejscu.<\/p>\n<p>Oczywi\u015bcie to co aparat prezentuje na zewn\u0105trz nie wystarczy, aby uzna\u0107 go za godny polecenia sprz\u0119t. Na szcz\u0119\u015bcie Olympus OM-D E-M10 Mark IVnie bazuje tylko na tym i oferuje znakomite parametry. \u015awiadcz\u0105 o tym przede wszystkim matryca Live MOS 4\/3\u2019\u2019 o rozdzielczo\u015bci 20,3 MP i 5-osiowa stabilizacja obrazu IS. To pozwala wykonywa\u0107 doskona\u0142e zdj\u0119cia niemal w ka\u017cdych warunkach &#8211; tak\u017ce po zmroku. Nie stracisz wi\u0119c \u017cadnego uj\u0119cia w klimatycznych, delikatnie o\u015bwietlonych zabytkach czy podczas wieczornej kolacji w romantycznej restauracji.<\/p>\n<p><img decoding=\"async\" loading=\"lazy\" class=\"alignnone wp-image-7839 size-full\" src=\"https:\/\/fotojoker.pl\/blog\/wp-content\/uploads\/tekst-1_2.jpg\" alt=\"aparat na letni wyjazd\" width=\"756\" height=\"400\" srcset=\"https:\/\/fotoservice.fotojoker.pl\/blog\/wp-content\/uploads\/tekst-1_2.jpg 756w, https:\/\/fotoservice.fotojoker.pl\/blog\/wp-content\/uploads\/tekst-1_2-300x159.jpg 300w, https:\/\/fotoservice.fotojoker.pl\/blog\/wp-content\/uploads\/tekst-1_2-730x386.jpg 730w, https:\/\/fotoservice.fotojoker.pl\/blog\/wp-content\/uploads\/tekst-1_2-350x185.jpg 350w, https:\/\/fotoservice.fotojoker.pl\/blog\/wp-content\/uploads\/tekst-1_2-514x272.jpg 514w\" sizes=\"(max-width: 756px) 100vw, 756px\" \/><\/p>\n<p>Na uwag\u0119 zas\u0142uguj\u0105 r\u00f3wnie\u017c dost\u0119pne w zestawie obiektywy. Olympus M.Zuiko 14-42 mm f\/3.5-5.6 ED EZ Pancake i Olympus M.Zuiko 40-150 mm f\/4.0-5.6 ED. Modele te udost\u0119pniaj\u0105 zakres ogniskowych, kt\u00f3ry pozwala zaj\u0105\u0107 si\u0119 niemal ka\u017cdym gatunkiem fotografii. <a href=\"https:\/\/fotojoker.pl\/inspiracje\/podroz.html\">Jak to bywa podczas podr\u00f3\u017cowania napotkane motywy potrafi\u0105 zaskakiwa\u0107<\/a>, tak wi\u0119c warto by\u0107 przygotowanym na wykonanie szerokiego kadru zapieraj\u0105cego dech w piersiach krajobrazu czy architektury, a tak\u017ce zbli\u017cenia twarzy tubylc\u00f3w.<\/p>\n<h2><span class=\"ez-toc-section\" id=\"Idealny_sprzet_na_lato_%E2%80%93_kandydat_numer_dwa_Canon_EOS_M50_z_ob_EF-M_15-45mm\"><\/span><a href=\"https:\/\/fotojoker.pl\/canon-eos-m50-z-ob-ef-m-15-45mm-f35-63-is-stm-torba-sv130-karta-16gb\"><strong>Idealny sprz\u0119t na lato &#8211; kandydat numer dwa: Canon EOS M50 z ob. EF-M 15-45mm\u00a0<\/strong><\/a><span class=\"ez-toc-section-end\"><\/span><\/h2>\n<p>Inn\u0105 propozycj\u0105 sprz\u0119tu, kt\u00f3ry wyj\u0105tkowo dobrze sprawdzi si\u0119 podczas lata jest <a href=\"https:\/\/fotojoker.pl\/canon-eos-m50-z-ob-ef-m-15-45mm-f35-63-is-stm-torba-sv130-karta-16gb\">Canon EOS M50 wraz z obiektywami i akcesoriami<\/a>. Jako \u017ce oferowany jest w zestawie z reporterskim, uniwersalnym obiektywem o zakresie ogniskowych 15-45 mm, kart\u0105 pami\u0119ci, \u015bciereczk\u0105 do czyszczenia optyki i torb\u0105, to od razu do dyspozycji otrzymasz gotowy sprz\u0119t na wyjazd.<\/p>\n<p>Canon EOS M50 to aparat, kt\u00f3ry powsta\u0142 zar\u00f3wno z my\u015bl\u0105 o fotografowaniu, jak i filmowaniu. Tak wi\u0119c je\u015bli z wakacji chcesz przywie\u017a\u0107 zdj\u0119cia i wideo, to b\u0119dzie to \u015bwietna propozycja. Aparat wyr\u00f3\u017cnia si\u0119 kompaktowymi rozmiarami. Dlatego jest to znakomite rozwi\u0105zanie w sytuacji, gdy sprz\u0119t ma zapewnia\u0107 Ci wszechstronno\u015b\u0107, a jednocze\u015bnie nie stanowi\u0107 zbyt ci\u0119\u017ckiego baga\u017cu. Canon EOS M50 umo\u017cliwia nagrywanie film\u00f3w w jako\u015bci 4K, tak wi\u0119c przy jego pomocy mo\u017cesz wykona\u0107 profesjonalnie wygl\u0105daj\u0105ce materia\u0142y. Aparat ten dysponuje matryc\u0105 CMOS o rozdzielczo\u015bci 24,1 MP i wydajnym procesorem DIGIC 8.<\/p>\n<p>Warta podkre\u015blenia jest tak\u017ce mo\u017cliwo\u015b\u0107 szybkiego i bezpo\u015bredniego przesy\u0142ania zarejestrowanych materia\u0142\u00f3w do smartfona. Dzi\u0119ki temu niemal natychmiastowo udost\u0119pnisz zdj\u0119cia i filmy w mediach spo\u0142eczno\u015bciowych. Je\u015bli prowadzisz konto na Instagramie lub vloga, to wszystko to, czego do\u015bwiadczysz w trakcie urlopu, mo\u017cesz bez przeszk\u00f3d pokaza\u0107 widzom. Canon EOS M50 oferuje \u0142\u0105czno\u015b\u0107 Wi-Fi i Bluetooth.<\/p>\n<h2><span class=\"ez-toc-section\" id=\"Fujifilm_X-A7_z_ob_XC_15-45_mm_f35-56_OIS_PZ\"><\/span><a href=\"https:\/\/fotojoker.pl\/fujifilm-x-a7-z-ob-xc-15-45-mm-f35-56-ois-pz\"><strong>Fujifilm X-A7 z ob. XC 15-45 mm f\/3.5-5.6 OIS PZ<\/strong><\/a><span class=\"ez-toc-section-end\"><\/span><\/h2>\n<p><a href=\"https:\/\/fotojoker.pl\/fujifilm-x-a7-z-ob-xc-15-45-mm-f35-56-ois-pz\">FujiFilm X-A7<\/a> to najmniejsza z prezentowanych w tym artykule letnich propozycji. Jako \u017ce jego waga wynosi zaledwie 320 g, a w parze z tym id\u0105 kompaktowe rozmiary, to ju\u017c samo to m\u00f3wi, i\u017c model ten jest idealnym sprz\u0119tem na wakacyjn\u0105 wycieczk\u0119. Jednocze\u015bnie ma\u0142e gabaryty nie przeszkodzi\u0142y w wyposa\u017ceniu go w stosunkowo du\u017c\u0105 matryc\u0119\u00a0formatu APS-C. To pozwala na uzyskanie wolnych do szum\u00f3w obraz\u00f3w nawet podczas fotografowania i filmowania przy ma\u0142ej ilo\u015bci dost\u0119pnego \u015bwiat\u0142a.<\/p>\n<p><img decoding=\"async\" loading=\"lazy\" class=\"alignnone wp-image-7841 size-full\" src=\"https:\/\/fotojoker.pl\/blog\/wp-content\/uploads\/tekst-1-1.jpg\" alt=\"aparat na letni wyjazd\" width=\"756\" height=\"400\" srcset=\"https:\/\/fotoservice.fotojoker.pl\/blog\/wp-content\/uploads\/tekst-1-1.jpg 756w, https:\/\/fotoservice.fotojoker.pl\/blog\/wp-content\/uploads\/tekst-1-1-300x159.jpg 300w, https:\/\/fotoservice.fotojoker.pl\/blog\/wp-content\/uploads\/tekst-1-1-730x386.jpg 730w, https:\/\/fotoservice.fotojoker.pl\/blog\/wp-content\/uploads\/tekst-1-1-350x185.jpg 350w, https:\/\/fotoservice.fotojoker.pl\/blog\/wp-content\/uploads\/tekst-1-1-514x272.jpg 514w\" sizes=\"(max-width: 756px) 100vw, 756px\" \/><\/p>\n<p>Aparat ten posiada bardzo wydajny i przejrzysty ekran LCD o proporcjach 16:9 i jasno\u015bci na poziomie 1000 kandeli. Ten ostatni parametr jest bardzo istotny z punktu widzenia wykorzystania go w trakcie lata. Ile to razy zdarzy\u0142o si\u0119\u00a0irytowa\u0107, i\u017c w <a href=\"https:\/\/fotojoker.pl\/blog\/jak-fotografowac-w-pelnym-sloncu\/\">s\u0142oneczny dzie\u0144 ekran sprz\u0119tu pozostaje nieczytelny?<\/a> Z wy\u015bwietlaczem FujiFilm X-A7 nie b\u0119dzie tego problemu.<\/p>\n<p>W zestawie z aparatem FujiFilm X-A7 dost\u0119pny jest uniwersalny obiektyw Fujinon XC 15-45 mm f\/3.5-5.6 OIS PZ. Taki zakres ogniskowych pozwala utrwali\u0107 wi\u0119kszo\u015b\u0107 sytuacji zdj\u0119ciowych &#8211; krajobrazy, sceny miejskie, portrety czy detale. Dzi\u0119ki temu z \u0142atwo\u015bci\u0105 stworzysz wci\u0105gaj\u0105cy fotoreporta\u017c z wakacji lub weekendowego wyjazdu.<\/p>\n<p>&nbsp;<\/p>\n<div class=\"pntrst_main_before_after\"><\/div>","protected":false},"excerpt":{"rendered":"<p>Beztroski letni czas to idealny moment na uchwycenie niezapomnianych kadr\u00f3w. Nie zale\u017cnie od tego czy planujesz d\u0142u\u017cszy urlop czy weekendowy wyjazd, to b\u0119dzie to znakomita okazja do wykonania wielu \u015bwietnych zdj\u0119\u0107 rodzinnych i rozwijanie fotograficznej pasji. Zatem je\u015bli zastanawiasz si\u0119, jaki aparat na letni wyjazd b\u0119dzie idealnie zagra z Twoj\u0105 pasj\u0105 fotograficzn\u0105, to sprawd\u017a nasz [&hellip;]<\/p>\n","protected":false},"author":16,"featured_media":7840,"comment_status":"open","ping_status":"open","sticky":false,"template":"","format":"standard","meta":{"inline_featured_image":false,"spay_email":"","jetpack_publicize_message":"","jetpack_is_tweetstorm":false,"jetpack_publicize_feature_enabled":true},"categories":[4],"tags":[],"yoast_head":"<!-- This site is optimized with the Yoast SEO plugin v19.1 - https:\/\/yoast.com\/wordpress\/plugins\/seo\/ -->\n<title>Jaki aparat na letni\u00a0wyjazd? - Blog FOTOJOKER.pl<\/title>\n<meta name=\"description\" content=\"Je\u015bli zastanawiasz si\u0119, jaki sprz\u0119t zabra\u0107 ze sob\u0105 na weekend lub wakacje, to zajrzyj do tego poradnika. Polecamy aparat na letni wyjazd.\" \/>\n<meta name=\"robots\" content=\"index, follow, max-snippet:-1, max-image-preview:large, max-video-preview:-1\" \/>\n<link rel=\"canonical\" href=\"https:\/\/fotojoker.pl\/blog\/jaki-aparat-na-letni-wyjazd\/\" \/>\n<meta property=\"og:locale\" content=\"pl_PL\" \/>\n<meta property=\"og:type\" content=\"article\" \/>\n<meta property=\"og:title\" content=\"Jaki aparat na letni\u00a0wyjazd? - Blog FOTOJOKER.pl\" \/>\n<meta property=\"og:description\" content=\"Je\u015bli zastanawiasz si\u0119, jaki sprz\u0119t zabra\u0107 ze sob\u0105 na weekend lub wakacje, to zajrzyj do tego poradnika. Polecamy aparat na letni wyjazd.\" \/>\n<meta property=\"og:url\" content=\"https:\/\/fotojoker.pl\/blog\/jaki-aparat-na-letni-wyjazd\/\" \/>\n<meta property=\"og:site_name\" content=\"Blog FOTOJOKER.pl\" \/>\n<meta property=\"article:published_time\" content=\"2021-07-08T09:07:37+00:00\" \/>\n<meta property=\"article:modified_time\" content=\"2021-07-08T12:22:51+00:00\" \/>\n<meta property=\"og:image\" content=\"https:\/\/fotoservice.fotojoker.pl\/blog\/wp-content\/uploads\/wyr\u00f3zniajace-1.jpg\" \/>\n\t<meta property=\"og:image:width\" content=\"856\" \/>\n\t<meta property=\"og:image:height\" content=\"371\" \/>\n\t<meta property=\"og:image:type\" content=\"image\/jpeg\" \/>\n<meta name=\"twitter:card\" content=\"summary\" \/>\n<meta name=\"twitter:label1\" content=\"Napisane przez\" \/>\n\t<meta name=\"twitter:data1\" content=\"Katarzyna Kostrubiec\" \/>\n\t<meta name=\"twitter:label2\" content=\"Szacowany czas czytania\" \/>\n\t<meta name=\"twitter:data2\" content=\"5 minut\" \/>\n<script type=\"application\/ld+json\" class=\"yoast-schema-graph\">{\"@context\":\"https:\/\/schema.org\",\"@graph\":[{\"@type\":\"WebSite\",\"@id\":\"https:\/\/fotojoker.pl\/blog\/#website\",\"url\":\"https:\/\/fotojoker.pl\/blog\/\",\"name\":\"Blog FOTOJOKER.pl\",\"description\":\"Blog fotograficzny - to i owo dla ka\u017cdego fana robienia zdj\u0119\u0107 i czego\u015b z tych zdj\u0119\u0107.\",\"potentialAction\":[{\"@type\":\"SearchAction\",\"target\":{\"@type\":\"EntryPoint\",\"urlTemplate\":\"https:\/\/fotojoker.pl\/blog\/?s={search_term_string}\"},\"query-input\":\"required name=search_term_string\"}],\"inLanguage\":\"pl-PL\"},{\"@type\":\"ImageObject\",\"inLanguage\":\"pl-PL\",\"@id\":\"https:\/\/fotojoker.pl\/blog\/jaki-aparat-na-letni-wyjazd\/#primaryimage\",\"url\":\"https:\/\/fotoservice.fotojoker.pl\/blog\/wp-content\/uploads\/wyr\u00f3zniajace-1.jpg\",\"contentUrl\":\"https:\/\/fotoservice.fotojoker.pl\/blog\/wp-content\/uploads\/wyr\u00f3zniajace-1.jpg\",\"width\":856,\"height\":371,\"caption\":\"aparat na letni wyjazd\"},{\"@type\":\"WebPage\",\"@id\":\"https:\/\/fotojoker.pl\/blog\/jaki-aparat-na-letni-wyjazd\/#webpage\",\"url\":\"https:\/\/fotojoker.pl\/blog\/jaki-aparat-na-letni-wyjazd\/\",\"name\":\"Jaki aparat na letni\u00a0wyjazd? - Blog FOTOJOKER.pl\",\"isPartOf\":{\"@id\":\"https:\/\/fotojoker.pl\/blog\/#website\"},\"primaryImageOfPage\":{\"@id\":\"https:\/\/fotojoker.pl\/blog\/jaki-aparat-na-letni-wyjazd\/#primaryimage\"},\"datePublished\":\"2021-07-08T09:07:37+00:00\",\"dateModified\":\"2021-07-08T12:22:51+00:00\",\"author\":{\"@id\":\"https:\/\/fotojoker.pl\/blog\/#\/schema\/person\/482d2fd1eac2f1136c11f3bb27008a01\"},\"description\":\"Je\u015bli zastanawiasz si\u0119, jaki sprz\u0119t zabra\u0107 ze sob\u0105 na weekend lub wakacje, to zajrzyj do tego poradnika. Polecamy aparat na letni wyjazd.\",\"breadcrumb\":{\"@id\":\"https:\/\/fotojoker.pl\/blog\/jaki-aparat-na-letni-wyjazd\/#breadcrumb\"},\"inLanguage\":\"pl-PL\",\"potentialAction\":[{\"@type\":\"ReadAction\",\"target\":[\"https:\/\/fotojoker.pl\/blog\/jaki-aparat-na-letni-wyjazd\/\"]}]},{\"@type\":\"BreadcrumbList\",\"@id\":\"https:\/\/fotojoker.pl\/blog\/jaki-aparat-na-letni-wyjazd\/#breadcrumb\",\"itemListElement\":[{\"@type\":\"ListItem\",\"position\":1,\"name\":\"Strona g\u0142\u00f3wna\",\"item\":\"https:\/\/fotojoker.pl\/blog\/\"},{\"@type\":\"ListItem\",\"position\":2,\"name\":\"Jaki aparat na letni\u00a0wyjazd?\"}]},{\"@type\":\"Person\",\"@id\":\"https:\/\/fotojoker.pl\/blog\/#\/schema\/person\/482d2fd1eac2f1136c11f3bb27008a01\",\"name\":\"Katarzyna Kostrubiec\",\"image\":{\"@type\":\"ImageObject\",\"inLanguage\":\"pl-PL\",\"@id\":\"https:\/\/fotojoker.pl\/blog\/#\/schema\/person\/image\/\",\"url\":\"https:\/\/fotoservice.fotojoker.pl\/blog\/wp-content\/uploads\/pobrane-100x100.png\",\"contentUrl\":\"https:\/\/fotoservice.fotojoker.pl\/blog\/wp-content\/uploads\/pobrane-100x100.png\",\"caption\":\"Katarzyna Kostrubiec\"},\"url\":\"https:\/\/fotojoker.pl\/blog\/author\/kasia\/\"}]}<\/script>\n<!-- \/ Yoast SEO plugin. -->","yoast_head_json":{"title":"Jaki aparat na letni\u00a0wyjazd? - Blog FOTOJOKER.pl","description":"Je\u015bli zastanawiasz si\u0119, jaki sprz\u0119t zabra\u0107 ze sob\u0105 na weekend lub wakacje, to zajrzyj do tego poradnika. Polecamy aparat na letni wyjazd.","robots":{"index":"index","follow":"follow","max-snippet":"max-snippet:-1","max-image-preview":"max-image-preview:large","max-video-preview":"max-video-preview:-1"},"canonical":"https:\/\/fotojoker.pl\/blog\/jaki-aparat-na-letni-wyjazd\/","og_locale":"pl_PL","og_type":"article","og_title":"Jaki aparat na letni\u00a0wyjazd? - Blog FOTOJOKER.pl","og_description":"Je\u015bli zastanawiasz si\u0119, jaki sprz\u0119t zabra\u0107 ze sob\u0105 na weekend lub wakacje, to zajrzyj do tego poradnika. Polecamy aparat na letni wyjazd.","og_url":"https:\/\/fotojoker.pl\/blog\/jaki-aparat-na-letni-wyjazd\/","og_site_name":"Blog FOTOJOKER.pl","article_published_time":"2021-07-08T09:07:37+00:00","article_modified_time":"2021-07-08T12:22:51+00:00","og_image":[{"width":856,"height":371,"url":"https:\/\/fotoservice.fotojoker.pl\/blog\/wp-content\/uploads\/wyr\u00f3zniajace-1.jpg","type":"image\/jpeg"}],"twitter_card":"summary","twitter_misc":{"Napisane przez":"Katarzyna Kostrubiec","Szacowany czas czytania":"5 minut"},"schema":{"@context":"https:\/\/schema.org","@graph":[{"@type":"WebSite","@id":"https:\/\/fotojoker.pl\/blog\/#website","url":"https:\/\/fotojoker.pl\/blog\/","name":"Blog FOTOJOKER.pl","description":"Blog fotograficzny - to i owo dla ka\u017cdego fana robienia zdj\u0119\u0107 i czego\u015b z tych zdj\u0119\u0107.","potentialAction":[{"@type":"SearchAction","target":{"@type":"EntryPoint","urlTemplate":"https:\/\/fotojoker.pl\/blog\/?s={search_term_string}"},"query-input":"required name=search_term_string"}],"inLanguage":"pl-PL"},{"@type":"ImageObject","inLanguage":"pl-PL","@id":"https:\/\/fotojoker.pl\/blog\/jaki-aparat-na-letni-wyjazd\/#primaryimage","url":"https:\/\/fotoservice.fotojoker.pl\/blog\/wp-content\/uploads\/wyr\u00f3zniajace-1.jpg","contentUrl":"https:\/\/fotoservice.fotojoker.pl\/blog\/wp-content\/uploads\/wyr\u00f3zniajace-1.jpg","width":856,"height":371,"caption":"aparat na letni wyjazd"},{"@type":"WebPage","@id":"https:\/\/fotojoker.pl\/blog\/jaki-aparat-na-letni-wyjazd\/#webpage","url":"https:\/\/fotojoker.pl\/blog\/jaki-aparat-na-letni-wyjazd\/","name":"Jaki aparat na letni\u00a0wyjazd? - Blog FOTOJOKER.pl","isPartOf":{"@id":"https:\/\/fotojoker.pl\/blog\/#website"},"primaryImageOfPage":{"@id":"https:\/\/fotojoker.pl\/blog\/jaki-aparat-na-letni-wyjazd\/#primaryimage"},"datePublished":"2021-07-08T09:07:37+00:00","dateModified":"2021-07-08T12:22:51+00:00","author":{"@id":"https:\/\/fotojoker.pl\/blog\/#\/schema\/person\/482d2fd1eac2f1136c11f3bb27008a01"},"description":"Je\u015bli zastanawiasz si\u0119, jaki sprz\u0119t zabra\u0107 ze sob\u0105 na weekend lub wakacje, to zajrzyj do tego poradnika. Polecamy aparat na letni wyjazd.","breadcrumb":{"@id":"https:\/\/fotojoker.pl\/blog\/jaki-aparat-na-letni-wyjazd\/#breadcrumb"},"inLanguage":"pl-PL","potentialAction":[{"@type":"ReadAction","target":["https:\/\/fotojoker.pl\/blog\/jaki-aparat-na-letni-wyjazd\/"]}]},{"@type":"BreadcrumbList","@id":"https:\/\/fotojoker.pl\/blog\/jaki-aparat-na-letni-wyjazd\/#breadcrumb","itemListElement":[{"@type":"ListItem","position":1,"name":"Strona g\u0142\u00f3wna","item":"https:\/\/fotojoker.pl\/blog\/"},{"@type":"ListItem","position":2,"name":"Jaki aparat na letni\u00a0wyjazd?"}]},{"@type":"Person","@id":"https:\/\/fotojoker.pl\/blog\/#\/schema\/person\/482d2fd1eac2f1136c11f3bb27008a01","name":"Katarzyna Kostrubiec","image":{"@type":"ImageObject","inLanguage":"pl-PL","@id":"https:\/\/fotojoker.pl\/blog\/#\/schema\/person\/image\/","url":"https:\/\/fotoservice.fotojoker.pl\/blog\/wp-content\/uploads\/pobrane-100x100.png","contentUrl":"https:\/\/fotoservice.fotojoker.pl\/blog\/wp-content\/uploads\/pobrane-100x100.png","caption":"Katarzyna Kostrubiec"},"url":"https:\/\/fotojoker.pl\/blog\/author\/kasia\/"}]}},"jetpack_featured_media_url":"https:\/\/fotoservice.fotojoker.pl\/blog\/wp-content\/uploads\/wyr\u00f3zniajace-1.jpg","jetpack_publicize_connections":[],"jetpack_sharing_enabled":true,"jetpack_shortlink":"https:\/\/wp.me\/p8cm9e-22p","_links":{"self":[{"href":"https:\/\/fotojoker.pl\/blog\/wp-json\/wp\/v2\/posts\/7837"}],"collection":[{"href":"https:\/\/fotojoker.pl\/blog\/wp-json\/wp\/v2\/posts"}],"about":[{"href":"https:\/\/fotojoker.pl\/blog\/wp-json\/wp\/v2\/types\/post"}],"author":[{"embeddable":true,"href":"https:\/\/fotojoker.pl\/blog\/wp-json\/wp\/v2\/users\/16"}],"replies":[{"embeddable":true,"href":"https:\/\/fotojoker.pl\/blog\/wp-json\/wp\/v2\/comments?post=7837"}],"version-history":[{"count":4,"href":"https:\/\/fotojoker.pl\/blog\/wp-json\/wp\/v2\/posts\/7837\/revisions"}],"predecessor-version":[{"id":8726,"href":"https:\/\/fotojoker.pl\/blog\/wp-json\/wp\/v2\/posts\/7837\/revisions\/8726"}],"wp:featuredmedia":[{"embeddable":true,"href":"https:\/\/fotojoker.pl\/blog\/wp-json\/wp\/v2\/media\/7840"}],"wp:attachment":[{"href":"https:\/\/fotojoker.pl\/blog\/wp-json\/wp\/v2\/media?parent=7837"}],"wp:term":[{"taxonomy":"category","embeddable":true,"href":"https:\/\/fotojoker.pl\/blog\/wp-json\/wp\/v2\/categories?post=7837"},{"taxonomy":"post_tag","embeddable":true,"href":"https:\/\/fotojoker.pl\/blog\/wp-json\/wp\/v2\/tags?post=7837"}],"curies":[{"name":"wp","href":"https:\/\/api.w.org\/{rel}","templated":true}]}}