{"id":7957,"date":"2021-10-15T08:24:22","date_gmt":"2021-10-15T08:24:22","guid":{"rendered":"https:\/\/fotojoker.pl\/blog\/?p=7957"},"modified":"2023-10-19T12:53:25","modified_gmt":"2023-10-19T12:53:25","slug":"kalendarz-adwentowy-od-cewe-wyjatkowe-oczekiwanie-na-swieta","status":"publish","type":"post","link":"https:\/\/fotojoker.pl\/blog\/kalendarz-adwentowy-od-cewe-wyjatkowe-oczekiwanie-na-swieta\/","title":{"rendered":"Kalendarz Adwentowy od CEWE \u2013 wyj\u0105tkowe oczekiwanie na \u015awi\u0119ta"},"content":{"rendered":"<div class=\"pntrst_main_before_after\"><\/div><p><strong>Co sprawia Ci wi\u0119cej rado\u015bci czekanie na \u015awi\u0119ta, czy samo \u015bwi\u0119towanie?\u00a0 Je\u015bli uwielbiasz okres przygotowa\u0144 do tego wyj\u0105tkowego czasu w roku, to mo\u017cesz stworzy\u0107 Kalendarz Adwentowy od CEWE i zacz\u0105\u0107 odliczanie. W ka\u017cdym okienku spr\u00f3buj umie\u015bci\u0107 zdj\u0119cia, s\u0142odko\u015bci lub w\u0142asnor\u0119cznie przygotowane niespodzianki. Poznaj kilka pomys\u0142\u00f3w na wykorzystanie kalendarza adwentowego i dowiedz si\u0119, jak umili\u0107 czas oczekiwania na \u015awi\u0119ta Bo\u017cego Narodzenia.<\/strong><!--more--><\/p>\n<div id=\"ez-toc-container\" class=\"ez-toc-v2_0_80 counter-hierarchy ez-toc-counter ez-toc-grey ez-toc-container-direction\">\n<div class=\"ez-toc-title-container\">\n<p class=\"ez-toc-title\" style=\"cursor:inherit\">Spis tre\u015bci<\/p>\n<span class=\"ez-toc-title-toggle\"><a href=\"#\" class=\"ez-toc-pull-right ez-toc-btn ez-toc-btn-xs ez-toc-btn-default ez-toc-toggle\" aria-label=\"Prze\u0142\u0105cznik Spisu Tre\u015bci\"><span class=\"ez-toc-js-icon-con\"><span class=\"\"><span class=\"eztoc-hide\" style=\"display:none;\">Toggle<\/span><span class=\"ez-toc-icon-toggle-span\"><svg style=\"fill: #999;color:#999\" xmlns=\"http:\/\/www.w3.org\/2000\/svg\" class=\"list-377408\" width=\"20px\" height=\"20px\" viewBox=\"0 0 24 24\" fill=\"none\"><path d=\"M6 6H4v2h2V6zm14 0H8v2h12V6zM4 11h2v2H4v-2zm16 0H8v2h12v-2zM4 16h2v2H4v-2zm16 0H8v2h12v-2z\" fill=\"currentColor\"><\/path><\/svg><svg style=\"fill: #999;color:#999\" class=\"arrow-unsorted-368013\" xmlns=\"http:\/\/www.w3.org\/2000\/svg\" width=\"10px\" height=\"10px\" viewBox=\"0 0 24 24\" version=\"1.2\" baseProfile=\"tiny\"><path d=\"M18.2 9.3l-6.2-6.3-6.2 6.3c-.2.2-.3.4-.3.7s.1.5.3.7c.2.2.4.3.7.3h11c.3 0 .5-.1.7-.3.2-.2.3-.5.3-.7s-.1-.5-.3-.7zM5.8 14.7l6.2 6.3 6.2-6.3c.2-.2.3-.5.3-.7s-.1-.5-.3-.7c-.2-.2-.4-.3-.7-.3h-11c-.3 0-.5.1-.7.3-.2.2-.3.5-.3.7s.1.5.3.7z\"\/><\/svg><\/span><\/span><\/span><\/a><\/span><\/div>\n<nav><ul class='ez-toc-list ez-toc-list-level-1 ' ><li class='ez-toc-page-1 ez-toc-heading-level-2'><a class=\"ez-toc-link ez-toc-heading-1\" href=\"https:\/\/fotojoker.pl\/blog\/kalendarz-adwentowy-od-cewe-wyjatkowe-oczekiwanie-na-swieta\/#Fotokalendarz_Adwentowy_%E2%80%93_podejmij_wyzwanie\" >Fotokalendarz Adwentowy &#8211; podejmij wyzwanie<\/a><\/li><li class='ez-toc-page-1 ez-toc-heading-level-2'><a class=\"ez-toc-link ez-toc-heading-2\" href=\"https:\/\/fotojoker.pl\/blog\/kalendarz-adwentowy-od-cewe-wyjatkowe-oczekiwanie-na-swieta\/#Wyzwanie_fotograficzne_z_Kalendarzem_Adwentowym\" >Wyzwanie fotograficzne z Kalendarzem Adwentowym<\/a><\/li><li class='ez-toc-page-1 ez-toc-heading-level-2'><a class=\"ez-toc-link ez-toc-heading-3\" href=\"https:\/\/fotojoker.pl\/blog\/kalendarz-adwentowy-od-cewe-wyjatkowe-oczekiwanie-na-swieta\/#Kalendarz_Adwentowy_%E2%80%93_slodki_sposob_na_oczekiwanie\" >Kalendarz Adwentowy \u2013 s\u0142odki spos\u00f3b na oczekiwanie<\/a><\/li><\/ul><\/nav><\/div>\n<h2><span class=\"ez-toc-section\" id=\"Fotokalendarz_Adwentowy_%E2%80%93_podejmij_wyzwanie\"><\/span>Fotokalendarz Adwentowy &#8211; podejmij wyzwanie<span class=\"ez-toc-section-end\"><\/span><\/h2>\n<p><a href=\"https:\/\/www.cewe.pl\/kalendarz-ze-zdjeciami\/kalendarz-adwentowy.html\">Fotokalendarz Adwentowy<\/a> mo\u017ce skrywa\u0107 r\u00f3\u017cne niespodzianki &#8211; zar\u00f3wno s\u0142odko\u015bci, jak i ukryte fotografie. Dzi\u0119ki temu pozwala na stworzenie klasycznego kalendarza adwentowego, gdzie odliczaniu dni do \u015awi\u0105t towarzyszy delektowanie si\u0119 s\u0142odyczami. Na s\u0142odko \u015bwiat jest jeszcze bardziej radosny. \u00a0.<\/p>\n<p>Kalendarz Adwentowy z w\u0142asnymi fotografiami ukrytym pod poszczeg\u00f3lnymi okienkami umo\u017cliwia zaplanowanie wyj\u0105tkowego wyzwania. Challenge mo\u017ce by\u0107\u00a0adresowany zar\u00f3wno do dzieci, jak i doros\u0142ych. Dzi\u0119ki temu mo\u017ce stanowi\u0107 zabaw\u0119 dla ca\u0142ej rodziny. W ka\u017cdym okienkiem mo\u017cesz umie\u015bci\u0107 fotografi\u0119, kt\u00f3ra b\u0119dzie prezentowa\u0142a dane wyzwanie. Mo\u017ce to by\u0107 zadanie natury duchowej &#8211; np. tego dnia pom\u00f3c komu\u015b\u00a0w zrealizowaniu jakiego\u015b\u00a0obowi\u0105zku domowego &#8211; lub zadania dla cia\u0142a, np. zr\u00f3b 10 pompek. To pozwoli w pe\u0142ni przygotowa\u0107 si\u0119\u00a0do \u015awi\u0105t, dbaj\u0105c o rozw\u00f3j zar\u00f3wno cia\u0142a, jak i ducha.<\/p>\n<p><img decoding=\"async\" loading=\"lazy\" class=\"alignnone size-full wp-image-7993\" src=\"https:\/\/fotojoker.pl\/blog\/wp-content\/uploads\/Blog-FJ-MKO-4074_3-1.jpg\" alt=\"\" width=\"756\" height=\"400\" srcset=\"https:\/\/fotoservice.fotojoker.pl\/blog\/wp-content\/uploads\/Blog-FJ-MKO-4074_3-1.jpg 756w, https:\/\/fotoservice.fotojoker.pl\/blog\/wp-content\/uploads\/Blog-FJ-MKO-4074_3-1-300x159.jpg 300w, https:\/\/fotoservice.fotojoker.pl\/blog\/wp-content\/uploads\/Blog-FJ-MKO-4074_3-1-730x386.jpg 730w, https:\/\/fotoservice.fotojoker.pl\/blog\/wp-content\/uploads\/Blog-FJ-MKO-4074_3-1-350x185.jpg 350w, https:\/\/fotoservice.fotojoker.pl\/blog\/wp-content\/uploads\/Blog-FJ-MKO-4074_3-1-514x272.jpg 514w\" sizes=\"(max-width: 756px) 100vw, 756px\" \/><\/p>\n<p>Fotokalendarz Adwentowy mo\u017ce tak\u017ce by\u0107 wype\u0142niony zdaniami, kt\u00f3re przypomn\u0105 Ci o wykonaniu przed\u015bwi\u0105tecznych obowi\u0105zk\u00f3w. Warto stworzy\u0107 tak\u0105 checklist\u0119 z nietypowymi czynno\u015bciami, o kt\u00f3rych nieraz w tym zabieganym czasie si\u0119 zapomina. Przyk\u0142adowo nale\u017c\u0105 do nich rozmowa z bliskimi, odwiedzenie Babci i Dziadka itp.<\/p>\n<p>A mo\u017ce masz ochot\u0119 zaszale\u0107 i stworzy\u0107 co\u015b nietypowego i zaskakuj\u0105cego? Przyk\u0142adowo mo\u017cesz umie\u015bci\u0107 w nim 24 ulubione cytaty czy 24 ulubione miejsca na Ziemi. Kalendarz Adwentowy mo\u017ce wi\u0119c motywowa\u0107 np. do poznawania \u015bwiata i czytania ka\u017cdego dnia o danym miejscu na \u015bwiecie. Gdy nadejd\u0105 tegoroczne \u015awi\u0119ta, b\u0119dziesz mie\u0107 do opowiedzenia wiele ciekawostek przy wigilijnym stole.<\/p>\n<p>Rzecz jasna Kalendarz Adwentowy pomo\u017ce tak\u017ce w praktycznym przygotowaniu \u015awi\u0105t, przypominaj\u0105c o tym, co istotnego zosta\u0142o jeszcze do zrobienia. Podziel swoje przygotowania na 24 etapy, tak aby pami\u0119ta\u0107 o przygotowaniu prezent\u00f3w dla bliskich.<\/p>\n<h2><span class=\"ez-toc-section\" id=\"Wyzwanie_fotograficzne_z_Kalendarzem_Adwentowym\"><\/span>Wyzwanie fotograficzne z Kalendarzem Adwentowym<span class=\"ez-toc-section-end\"><\/span><\/h2>\n<p>Kalendarz Adwentowy z w\u0142asn\u0105\u00a0niespodziank\u0105\u00a0to tak\u017ce \u015bwietny spos\u00f3b, aby obdarowa\u0107 bliskich 24 drobiazgami. Mog\u0105 to by\u0107\u00a0inspiruj\u0105ce przedmioty, drobne upominki takie jak np. bi\u017cuteria czy karteczki z wa\u017cnymi wiadomo\u015bciami. \u015awietnie by\u0142oby schowa\u0107 w jego okienkach drobne ozdoby na choink\u0119. Dzi\u0119ki temu ka\u017cdego dnia m\u00f3g\u0142by\u015b do\u0142o\u017cy\u0107 na swoje \u015bwi\u0105teczne drzewko kolejn\u0105 dekoracj\u0119. A pomy\u015bla\u0142e\u015b o tym, \u017ceby wykorzysta\u0107 taki kalendarz adwentowy na przyk\u0142ad do stworzenia wyzwania fotograficznego?<\/p>\n<p><img decoding=\"async\" loading=\"lazy\" class=\"alignnone size-full wp-image-7991\" src=\"https:\/\/fotojoker.pl\/blog\/wp-content\/uploads\/Blog-FJ-MKO-4074_1-1.jpg\" alt=\"Kalendarz Adwentowy\" width=\"756\" height=\"400\" srcset=\"https:\/\/fotoservice.fotojoker.pl\/blog\/wp-content\/uploads\/Blog-FJ-MKO-4074_1-1.jpg 756w, https:\/\/fotoservice.fotojoker.pl\/blog\/wp-content\/uploads\/Blog-FJ-MKO-4074_1-1-300x159.jpg 300w, https:\/\/fotoservice.fotojoker.pl\/blog\/wp-content\/uploads\/Blog-FJ-MKO-4074_1-1-730x386.jpg 730w, https:\/\/fotoservice.fotojoker.pl\/blog\/wp-content\/uploads\/Blog-FJ-MKO-4074_1-1-350x185.jpg 350w, https:\/\/fotoservice.fotojoker.pl\/blog\/wp-content\/uploads\/Blog-FJ-MKO-4074_1-1-514x272.jpg 514w\" sizes=\"(max-width: 756px) 100vw, 756px\" \/><\/p>\n<p>Je\u017celi obdarowywana przez Ciebie osoba pasjonuje si\u0119 fotografi\u0105, to mo\u017cesz wykorzysta\u0107 okres przed\u015bwi\u0105teczny do zach\u0119cenia jej do rozwini\u0119cia warsztatu. Pomocny przy tym b\u0119dzie Fotokalendarz Adwentowy od CEWE, kt\u00f3ry umo\u017cliwi umieszczenie w 24 okienkach kr\u00f3tkich instrukcji z 24 zadaniami fotograficznymi. W\u015br\u00f3d nich mo\u017ce znajdowa\u0107 si\u0119 np. \u201ewykonaj zdj\u0119cie w stylu makrofotografii\u201d, \u201ezr\u00f3b czarno-bia\u0142e zdj\u0119cie\u201d, \u201efotografuj w nocy\u201d itp. Podejmuj\u0105c si\u0119 nowych wyzwa\u0144, obdarowana przez Ciebie osoba z pewno\u015bci\u0105 przywita \u015awi\u0119ta Bo\u017cego Narodzenia jako du\u017co bieglejszy fotograf.<\/p>\n<h2><span class=\"ez-toc-section\" id=\"Kalendarz_Adwentowy_%E2%80%93_slodki_sposob_na_oczekiwanie\"><\/span>Kalendarz Adwentowy \u2013 s\u0142odki spos\u00f3b na oczekiwanie<span class=\"ez-toc-section-end\"><\/span><\/h2>\n<p><img decoding=\"async\" loading=\"lazy\" class=\"alignnone size-full wp-image-8801\" src=\"https:\/\/fotojoker.pl\/blog\/wp-content\/uploads\/Grafika_w_tekscie_1-7.jpg\" alt=\"\" width=\"756\" height=\"400\" srcset=\"https:\/\/fotoservice.fotojoker.pl\/blog\/wp-content\/uploads\/Grafika_w_tekscie_1-7.jpg 756w, https:\/\/fotoservice.fotojoker.pl\/blog\/wp-content\/uploads\/Grafika_w_tekscie_1-7-300x159.jpg 300w, https:\/\/fotoservice.fotojoker.pl\/blog\/wp-content\/uploads\/Grafika_w_tekscie_1-7-730x386.jpg 730w, https:\/\/fotoservice.fotojoker.pl\/blog\/wp-content\/uploads\/Grafika_w_tekscie_1-7-350x185.jpg 350w, https:\/\/fotoservice.fotojoker.pl\/blog\/wp-content\/uploads\/Grafika_w_tekscie_1-7-514x272.jpg 514w\" sizes=\"(max-width: 756px) 100vw, 756px\" \/><\/p>\n<p>Kalendarz Adwentowy od CEWE mo\u017ce r\u00f3wnie\u017c wyst\u0119powa\u0107 w klasycznej formie ze s\u0142odko\u015bciami taki jak: s\u0142odycze kinder\u00ae, czy Ferrero. \u015awietnie jest codziennie umila\u0107 sobie czas przek\u0105sk\u0105, a tym samym poczu\u0107 odrobin\u0119 t\u0119 \u015bwi\u0105tecznej magii. Na pomys\u0142 kalendarzy adwentowych wpad\u0142a mama niecierpliwego ch\u0142opca, kt\u00f3ry codziennie pyta\u0142, kiedy b\u0119d\u0105 \u015awi\u0119ta. Jego rodzice stworzyli mu pierwsz\u0105 wersj\u0119 kalendarza adwentowego ze s\u0142odyczami. W CEWE mo\u017cesz wybra\u0107 wyj\u0105tkowe Kalendarze Adwentowe z Twoimi zdj\u0119ciami:<\/p>\n<ul>\n<li>Kalendarz adwentowy Premium z pralinkami Ferrero,<\/li>\n<li>Kalendarz adwentowym z kinder\u00ae Niespodziank\u0105,<\/li>\n<li>Kalendarz adwentowy z czekoladkami kinder\u00ae.<\/li>\n<\/ul>\n<p>Po zako\u0144czeniu tego fotograficznego, adwentowego wyzwania nie zapomnijcie o zgromadzeniu powsta\u0142ych zdj\u0119\u0107 w fotoksi\u0105\u017cce. Pomocna w tym b\u0119dzie CEWE FOTOKSI\u0104\u017bKA, kt\u00f3rej mo\u017cesz pouk\u0142ada\u0107 fotografie tematycznie, czy chronologicznie. Projektowanie to \u015bwietna zabawa, a nasz bezp\u0142atny program projektowy pozwala na dopasowanie projektu do Twoich preferencji, mo\u017cesz zastosowa\u0107 ulubione barwy, cliparty i opisy zdj\u0119\u0107. Dzi\u0119ki temu \u015bwietnie wyeksponujesz efekty zrealizowanego, adwentowego wyzwania i b\u0119dziesz jeszcze d\u0142u\u017cej cieszy\u0107\u00a0si\u0119 atmosfer\u0105\u00a0\u015bwi\u0105t. Czy nie cudownie b\u0119dzie wr\u00f3ci\u0107 do tych fotografii i powspomina\u0107 ten ciekawy i rozwijaj\u0105cy prezent? CEWE FOTOKSI\u0104\u017bKA to \u015bwietny spos\u00f3b na utrwalenie wspomnie\u0144 i prezentacj\u0119 zdj\u0119\u0107.<\/p>\n<p>Baw si\u0119 dobrze, oczekuj\u0105c na \u015awi\u0119ta!<\/p>\n<div class=\"pntrst_main_before_after\"><\/div>","protected":false},"excerpt":{"rendered":"<p>Co sprawia Ci wi\u0119cej rado\u015bci czekanie na \u015awi\u0119ta, czy samo \u015bwi\u0119towanie?\u00a0 Je\u015bli uwielbiasz okres przygotowa\u0144 do tego wyj\u0105tkowego czasu w roku, to mo\u017cesz stworzy\u0107 Kalendarz Adwentowy od CEWE i zacz\u0105\u0107 odliczanie. W ka\u017cdym okienku spr\u00f3buj umie\u015bci\u0107 zdj\u0119cia, s\u0142odko\u015bci lub w\u0142asnor\u0119cznie przygotowane niespodzianki. Poznaj kilka pomys\u0142\u00f3w na wykorzystanie kalendarza adwentowego i dowiedz si\u0119, jak umili\u0107 czas [&hellip;]<\/p>\n","protected":false},"author":16,"featured_media":7994,"comment_status":"open","ping_status":"open","sticky":false,"template":"","format":"standard","meta":{"inline_featured_image":false,"spay_email":"","jetpack_publicize_message":"","jetpack_is_tweetstorm":false,"jetpack_publicize_feature_enabled":true},"categories":[172],"tags":[],"yoast_head":"<!-- This site is optimized with the Yoast SEO plugin v19.1 - https:\/\/yoast.com\/wordpress\/plugins\/seo\/ -->\n<title>Kalendarz Adwentowy od CEWE \u2013 wyj\u0105tkowe oczekiwanie na \u015awi\u0119ta - Blog FOTOJOKER.pl<\/title>\n<meta name=\"description\" content=\"Czekanie na \u015awi\u0119ta mo\u017cna sobie szybko i \u0142atwo umili\u0107. Mo\u017cesz stworzy\u0107 Kalendarz Adwentowy od CEWE i zacz\u0105\u0107 odliczanie do \u015awi\u0105t.\" \/>\n<meta name=\"robots\" content=\"index, follow, max-snippet:-1, max-image-preview:large, max-video-preview:-1\" \/>\n<link rel=\"canonical\" href=\"https:\/\/fotojoker.pl\/blog\/kalendarz-adwentowy-od-cewe-wyjatkowe-oczekiwanie-na-swieta\/\" \/>\n<meta property=\"og:locale\" content=\"pl_PL\" \/>\n<meta property=\"og:type\" content=\"article\" \/>\n<meta property=\"og:title\" content=\"Kalendarz Adwentowy od CEWE \u2013 wyj\u0105tkowe oczekiwanie na \u015awi\u0119ta - Blog FOTOJOKER.pl\" \/>\n<meta property=\"og:description\" content=\"Czekanie na \u015awi\u0119ta mo\u017cna sobie szybko i \u0142atwo umili\u0107. Mo\u017cesz stworzy\u0107 Kalendarz Adwentowy od CEWE i zacz\u0105\u0107 odliczanie do \u015awi\u0105t.\" \/>\n<meta property=\"og:url\" content=\"https:\/\/fotojoker.pl\/blog\/kalendarz-adwentowy-od-cewe-wyjatkowe-oczekiwanie-na-swieta\/\" \/>\n<meta property=\"og:site_name\" content=\"Blog FOTOJOKER.pl\" \/>\n<meta property=\"article:published_time\" content=\"2021-10-15T08:24:22+00:00\" \/>\n<meta property=\"article:modified_time\" content=\"2023-10-19T12:53:25+00:00\" \/>\n<meta property=\"og:image\" content=\"https:\/\/fotoservice.fotojoker.pl\/blog\/wp-content\/uploads\/Blog-FJ-MKO-4074_4-1.jpg\" \/>\n\t<meta property=\"og:image:width\" content=\"756\" \/>\n\t<meta property=\"og:image:height\" content=\"400\" \/>\n\t<meta property=\"og:image:type\" content=\"image\/jpeg\" \/>\n<meta name=\"twitter:card\" content=\"summary\" \/>\n<meta name=\"twitter:label1\" content=\"Napisane przez\" \/>\n\t<meta name=\"twitter:data1\" content=\"Katarzyna Kostrubiec\" \/>\n\t<meta name=\"twitter:label2\" content=\"Szacowany czas czytania\" \/>\n\t<meta name=\"twitter:data2\" content=\"4 minuty\" \/>\n<script type=\"application\/ld+json\" class=\"yoast-schema-graph\">{\"@context\":\"https:\/\/schema.org\",\"@graph\":[{\"@type\":\"WebSite\",\"@id\":\"https:\/\/fotojoker.pl\/blog\/#website\",\"url\":\"https:\/\/fotojoker.pl\/blog\/\",\"name\":\"Blog FOTOJOKER.pl\",\"description\":\"Blog fotograficzny - to i owo dla ka\u017cdego fana robienia zdj\u0119\u0107 i czego\u015b z tych zdj\u0119\u0107.\",\"potentialAction\":[{\"@type\":\"SearchAction\",\"target\":{\"@type\":\"EntryPoint\",\"urlTemplate\":\"https:\/\/fotojoker.pl\/blog\/?s={search_term_string}\"},\"query-input\":\"required name=search_term_string\"}],\"inLanguage\":\"pl-PL\"},{\"@type\":\"ImageObject\",\"inLanguage\":\"pl-PL\",\"@id\":\"https:\/\/fotojoker.pl\/blog\/kalendarz-adwentowy-od-cewe-wyjatkowe-oczekiwanie-na-swieta\/#primaryimage\",\"url\":\"https:\/\/fotoservice.fotojoker.pl\/blog\/wp-content\/uploads\/Blog-FJ-MKO-4074_4-1.jpg\",\"contentUrl\":\"https:\/\/fotoservice.fotojoker.pl\/blog\/wp-content\/uploads\/Blog-FJ-MKO-4074_4-1.jpg\",\"width\":756,\"height\":400,\"caption\":\"Kalendarz Adwentowy\"},{\"@type\":\"WebPage\",\"@id\":\"https:\/\/fotojoker.pl\/blog\/kalendarz-adwentowy-od-cewe-wyjatkowe-oczekiwanie-na-swieta\/#webpage\",\"url\":\"https:\/\/fotojoker.pl\/blog\/kalendarz-adwentowy-od-cewe-wyjatkowe-oczekiwanie-na-swieta\/\",\"name\":\"Kalendarz Adwentowy od CEWE \u2013 wyj\u0105tkowe oczekiwanie na \u015awi\u0119ta - Blog FOTOJOKER.pl\",\"isPartOf\":{\"@id\":\"https:\/\/fotojoker.pl\/blog\/#website\"},\"primaryImageOfPage\":{\"@id\":\"https:\/\/fotojoker.pl\/blog\/kalendarz-adwentowy-od-cewe-wyjatkowe-oczekiwanie-na-swieta\/#primaryimage\"},\"datePublished\":\"2021-10-15T08:24:22+00:00\",\"dateModified\":\"2023-10-19T12:53:25+00:00\",\"author\":{\"@id\":\"https:\/\/fotojoker.pl\/blog\/#\/schema\/person\/482d2fd1eac2f1136c11f3bb27008a01\"},\"description\":\"Czekanie na \u015awi\u0119ta mo\u017cna sobie szybko i \u0142atwo umili\u0107. Mo\u017cesz stworzy\u0107 Kalendarz Adwentowy od CEWE i zacz\u0105\u0107 odliczanie do \u015awi\u0105t.\",\"breadcrumb\":{\"@id\":\"https:\/\/fotojoker.pl\/blog\/kalendarz-adwentowy-od-cewe-wyjatkowe-oczekiwanie-na-swieta\/#breadcrumb\"},\"inLanguage\":\"pl-PL\",\"potentialAction\":[{\"@type\":\"ReadAction\",\"target\":[\"https:\/\/fotojoker.pl\/blog\/kalendarz-adwentowy-od-cewe-wyjatkowe-oczekiwanie-na-swieta\/\"]}]},{\"@type\":\"BreadcrumbList\",\"@id\":\"https:\/\/fotojoker.pl\/blog\/kalendarz-adwentowy-od-cewe-wyjatkowe-oczekiwanie-na-swieta\/#breadcrumb\",\"itemListElement\":[{\"@type\":\"ListItem\",\"position\":1,\"name\":\"Strona g\u0142\u00f3wna\",\"item\":\"https:\/\/fotojoker.pl\/blog\/\"},{\"@type\":\"ListItem\",\"position\":2,\"name\":\"Kalendarz Adwentowy od CEWE \u2013 wyj\u0105tkowe oczekiwanie na \u015awi\u0119ta\"}]},{\"@type\":\"Person\",\"@id\":\"https:\/\/fotojoker.pl\/blog\/#\/schema\/person\/482d2fd1eac2f1136c11f3bb27008a01\",\"name\":\"Katarzyna Kostrubiec\",\"image\":{\"@type\":\"ImageObject\",\"inLanguage\":\"pl-PL\",\"@id\":\"https:\/\/fotojoker.pl\/blog\/#\/schema\/person\/image\/\",\"url\":\"https:\/\/fotoservice.fotojoker.pl\/blog\/wp-content\/uploads\/pobrane-100x100.png\",\"contentUrl\":\"https:\/\/fotoservice.fotojoker.pl\/blog\/wp-content\/uploads\/pobrane-100x100.png\",\"caption\":\"Katarzyna Kostrubiec\"},\"url\":\"https:\/\/fotojoker.pl\/blog\/author\/kasia\/\"}]}<\/script>\n<!-- \/ Yoast SEO plugin. -->","yoast_head_json":{"title":"Kalendarz Adwentowy od CEWE \u2013 wyj\u0105tkowe oczekiwanie na \u015awi\u0119ta - Blog FOTOJOKER.pl","description":"Czekanie na \u015awi\u0119ta mo\u017cna sobie szybko i \u0142atwo umili\u0107. Mo\u017cesz stworzy\u0107 Kalendarz Adwentowy od CEWE i zacz\u0105\u0107 odliczanie do \u015awi\u0105t.","robots":{"index":"index","follow":"follow","max-snippet":"max-snippet:-1","max-image-preview":"max-image-preview:large","max-video-preview":"max-video-preview:-1"},"canonical":"https:\/\/fotojoker.pl\/blog\/kalendarz-adwentowy-od-cewe-wyjatkowe-oczekiwanie-na-swieta\/","og_locale":"pl_PL","og_type":"article","og_title":"Kalendarz Adwentowy od CEWE \u2013 wyj\u0105tkowe oczekiwanie na \u015awi\u0119ta - Blog FOTOJOKER.pl","og_description":"Czekanie na \u015awi\u0119ta mo\u017cna sobie szybko i \u0142atwo umili\u0107. Mo\u017cesz stworzy\u0107 Kalendarz Adwentowy od CEWE i zacz\u0105\u0107 odliczanie do \u015awi\u0105t.","og_url":"https:\/\/fotojoker.pl\/blog\/kalendarz-adwentowy-od-cewe-wyjatkowe-oczekiwanie-na-swieta\/","og_site_name":"Blog FOTOJOKER.pl","article_published_time":"2021-10-15T08:24:22+00:00","article_modified_time":"2023-10-19T12:53:25+00:00","og_image":[{"width":756,"height":400,"url":"https:\/\/fotoservice.fotojoker.pl\/blog\/wp-content\/uploads\/Blog-FJ-MKO-4074_4-1.jpg","type":"image\/jpeg"}],"twitter_card":"summary","twitter_misc":{"Napisane przez":"Katarzyna Kostrubiec","Szacowany czas czytania":"4 minuty"},"schema":{"@context":"https:\/\/schema.org","@graph":[{"@type":"WebSite","@id":"https:\/\/fotojoker.pl\/blog\/#website","url":"https:\/\/fotojoker.pl\/blog\/","name":"Blog FOTOJOKER.pl","description":"Blog fotograficzny - to i owo dla ka\u017cdego fana robienia zdj\u0119\u0107 i czego\u015b z tych zdj\u0119\u0107.","potentialAction":[{"@type":"SearchAction","target":{"@type":"EntryPoint","urlTemplate":"https:\/\/fotojoker.pl\/blog\/?s={search_term_string}"},"query-input":"required name=search_term_string"}],"inLanguage":"pl-PL"},{"@type":"ImageObject","inLanguage":"pl-PL","@id":"https:\/\/fotojoker.pl\/blog\/kalendarz-adwentowy-od-cewe-wyjatkowe-oczekiwanie-na-swieta\/#primaryimage","url":"https:\/\/fotoservice.fotojoker.pl\/blog\/wp-content\/uploads\/Blog-FJ-MKO-4074_4-1.jpg","contentUrl":"https:\/\/fotoservice.fotojoker.pl\/blog\/wp-content\/uploads\/Blog-FJ-MKO-4074_4-1.jpg","width":756,"height":400,"caption":"Kalendarz Adwentowy"},{"@type":"WebPage","@id":"https:\/\/fotojoker.pl\/blog\/kalendarz-adwentowy-od-cewe-wyjatkowe-oczekiwanie-na-swieta\/#webpage","url":"https:\/\/fotojoker.pl\/blog\/kalendarz-adwentowy-od-cewe-wyjatkowe-oczekiwanie-na-swieta\/","name":"Kalendarz Adwentowy od CEWE \u2013 wyj\u0105tkowe oczekiwanie na \u015awi\u0119ta - Blog FOTOJOKER.pl","isPartOf":{"@id":"https:\/\/fotojoker.pl\/blog\/#website"},"primaryImageOfPage":{"@id":"https:\/\/fotojoker.pl\/blog\/kalendarz-adwentowy-od-cewe-wyjatkowe-oczekiwanie-na-swieta\/#primaryimage"},"datePublished":"2021-10-15T08:24:22+00:00","dateModified":"2023-10-19T12:53:25+00:00","author":{"@id":"https:\/\/fotojoker.pl\/blog\/#\/schema\/person\/482d2fd1eac2f1136c11f3bb27008a01"},"description":"Czekanie na \u015awi\u0119ta mo\u017cna sobie szybko i \u0142atwo umili\u0107. Mo\u017cesz stworzy\u0107 Kalendarz Adwentowy od CEWE i zacz\u0105\u0107 odliczanie do \u015awi\u0105t.","breadcrumb":{"@id":"https:\/\/fotojoker.pl\/blog\/kalendarz-adwentowy-od-cewe-wyjatkowe-oczekiwanie-na-swieta\/#breadcrumb"},"inLanguage":"pl-PL","potentialAction":[{"@type":"ReadAction","target":["https:\/\/fotojoker.pl\/blog\/kalendarz-adwentowy-od-cewe-wyjatkowe-oczekiwanie-na-swieta\/"]}]},{"@type":"BreadcrumbList","@id":"https:\/\/fotojoker.pl\/blog\/kalendarz-adwentowy-od-cewe-wyjatkowe-oczekiwanie-na-swieta\/#breadcrumb","itemListElement":[{"@type":"ListItem","position":1,"name":"Strona g\u0142\u00f3wna","item":"https:\/\/fotojoker.pl\/blog\/"},{"@type":"ListItem","position":2,"name":"Kalendarz Adwentowy od CEWE \u2013 wyj\u0105tkowe oczekiwanie na \u015awi\u0119ta"}]},{"@type":"Person","@id":"https:\/\/fotojoker.pl\/blog\/#\/schema\/person\/482d2fd1eac2f1136c11f3bb27008a01","name":"Katarzyna Kostrubiec","image":{"@type":"ImageObject","inLanguage":"pl-PL","@id":"https:\/\/fotojoker.pl\/blog\/#\/schema\/person\/image\/","url":"https:\/\/fotoservice.fotojoker.pl\/blog\/wp-content\/uploads\/pobrane-100x100.png","contentUrl":"https:\/\/fotoservice.fotojoker.pl\/blog\/wp-content\/uploads\/pobrane-100x100.png","caption":"Katarzyna Kostrubiec"},"url":"https:\/\/fotojoker.pl\/blog\/author\/kasia\/"}]}},"jetpack_featured_media_url":"https:\/\/fotoservice.fotojoker.pl\/blog\/wp-content\/uploads\/Blog-FJ-MKO-4074_4-1.jpg","jetpack_publicize_connections":[],"jetpack_sharing_enabled":true,"jetpack_shortlink":"https:\/\/wp.me\/p8cm9e-24l","_links":{"self":[{"href":"https:\/\/fotojoker.pl\/blog\/wp-json\/wp\/v2\/posts\/7957"}],"collection":[{"href":"https:\/\/fotojoker.pl\/blog\/wp-json\/wp\/v2\/posts"}],"about":[{"href":"https:\/\/fotojoker.pl\/blog\/wp-json\/wp\/v2\/types\/post"}],"author":[{"embeddable":true,"href":"https:\/\/fotojoker.pl\/blog\/wp-json\/wp\/v2\/users\/16"}],"replies":[{"embeddable":true,"href":"https:\/\/fotojoker.pl\/blog\/wp-json\/wp\/v2\/comments?post=7957"}],"version-history":[{"count":5,"href":"https:\/\/fotojoker.pl\/blog\/wp-json\/wp\/v2\/posts\/7957\/revisions"}],"predecessor-version":[{"id":9304,"href":"https:\/\/fotojoker.pl\/blog\/wp-json\/wp\/v2\/posts\/7957\/revisions\/9304"}],"wp:featuredmedia":[{"embeddable":true,"href":"https:\/\/fotojoker.pl\/blog\/wp-json\/wp\/v2\/media\/7994"}],"wp:attachment":[{"href":"https:\/\/fotojoker.pl\/blog\/wp-json\/wp\/v2\/media?parent=7957"}],"wp:term":[{"taxonomy":"category","embeddable":true,"href":"https:\/\/fotojoker.pl\/blog\/wp-json\/wp\/v2\/categories?post=7957"},{"taxonomy":"post_tag","embeddable":true,"href":"https:\/\/fotojoker.pl\/blog\/wp-json\/wp\/v2\/tags?post=7957"}],"curies":[{"name":"wp","href":"https:\/\/api.w.org\/{rel}","templated":true}]}}