{"id":8005,"date":"2020-11-13T11:00:12","date_gmt":"2020-11-13T11:00:12","guid":{"rendered":"https:\/\/fotojoker.pl\/blog\/?p=8005"},"modified":"2020-11-13T11:00:12","modified_gmt":"2020-11-13T11:00:12","slug":"sesja-zdjeciowa-na-roczek-dziecka","status":"publish","type":"post","link":"https:\/\/fotojoker.pl\/blog\/sesja-zdjeciowa-na-roczek-dziecka\/","title":{"rendered":"Sesja zdj\u0119ciowa na roczek dziecka"},"content":{"rendered":"<div class=\"pntrst_main_before_after\"><\/div><p><strong>Pierwszy rok \u017cycia dziecka jest zupe\u0142nie wyj\u0105tkowy. Wszystko jest nowe i maluszek codziennie Ci\u0119 zaskakuje. Pierwszy spacer, z\u0105bek, u\u015bmiech. Wszystkie te momenty zas\u0142uguj\u0105 na to, aby zapami\u0119ta\u0107 je na zawsze. W zachowaniu tych ulotnych chwil pomo\u017ce\u00a0fotografia. Dobrym pomys\u0142em jest zorganizowanie sesji zdj\u0119ciowej na roczek dziecka. Wyj\u0105tkowe kadry stan\u0105 si\u0119 bezcenn\u0105 pami\u0105tk\u0105. B\u0119dziesz m\u00f3g\u0142 wraca\u0107 do nich zawsze, kiedy b\u0119dziesz chcia\u0142 sobie przypomnie\u0107, jakie malutkie st\u00f3pki mia\u0142o Twoje dziecko zaraz po urodzeniu. Podpowiadamy, jak zrobi\u0107 takie urocze zdj\u0119cia.<\/strong><\/p>\n<p><!--more--><\/p>\n<div id=\"ez-toc-container\" class=\"ez-toc-v2_0_80 counter-hierarchy ez-toc-counter ez-toc-grey ez-toc-container-direction\">\n<div class=\"ez-toc-title-container\">\n<p class=\"ez-toc-title\" style=\"cursor:inherit\">Spis tre\u015bci<\/p>\n<span class=\"ez-toc-title-toggle\"><a href=\"#\" class=\"ez-toc-pull-right ez-toc-btn ez-toc-btn-xs ez-toc-btn-default ez-toc-toggle\" aria-label=\"Prze\u0142\u0105cznik Spisu Tre\u015bci\"><span class=\"ez-toc-js-icon-con\"><span class=\"\"><span class=\"eztoc-hide\" style=\"display:none;\">Toggle<\/span><span class=\"ez-toc-icon-toggle-span\"><svg style=\"fill: #999;color:#999\" xmlns=\"http:\/\/www.w3.org\/2000\/svg\" class=\"list-377408\" width=\"20px\" height=\"20px\" viewBox=\"0 0 24 24\" fill=\"none\"><path d=\"M6 6H4v2h2V6zm14 0H8v2h12V6zM4 11h2v2H4v-2zm16 0H8v2h12v-2zM4 16h2v2H4v-2zm16 0H8v2h12v-2z\" fill=\"currentColor\"><\/path><\/svg><svg style=\"fill: #999;color:#999\" class=\"arrow-unsorted-368013\" xmlns=\"http:\/\/www.w3.org\/2000\/svg\" width=\"10px\" height=\"10px\" viewBox=\"0 0 24 24\" version=\"1.2\" baseProfile=\"tiny\"><path d=\"M18.2 9.3l-6.2-6.3-6.2 6.3c-.2.2-.3.4-.3.7s.1.5.3.7c.2.2.4.3.7.3h11c.3 0 .5-.1.7-.3.2-.2.3-.5.3-.7s-.1-.5-.3-.7zM5.8 14.7l6.2 6.3 6.2-6.3c.2-.2.3-.5.3-.7s-.1-.5-.3-.7c-.2-.2-.4-.3-.7-.3h-11c-.3 0-.5.1-.7.3-.2.2-.3.5-.3.7s.1.5.3.7z\"\/><\/svg><\/span><\/span><\/span><\/a><\/span><\/div>\n<nav><ul class='ez-toc-list ez-toc-list-level-1 ' ><li class='ez-toc-page-1 ez-toc-heading-level-2'><a class=\"ez-toc-link ez-toc-heading-1\" href=\"https:\/\/fotojoker.pl\/blog\/sesja-zdjeciowa-na-roczek-dziecka\/#Zdjecia_z_pierwszego_roku_%E2%80%93_bezcenna_pamiatka_i_prezent_od_serca\" >Zdj\u0119cia z pierwszego roku \u2013 bezcenna pami\u0105tka i prezent od serca<\/a><\/li><li class='ez-toc-page-1 ez-toc-heading-level-2'><a class=\"ez-toc-link ez-toc-heading-2\" href=\"https:\/\/fotojoker.pl\/blog\/sesja-zdjeciowa-na-roczek-dziecka\/#Fotografie_na_roczek_dziecka_%E2%80%93_jaki_sprzet\" >Fotografie na roczek dziecka &#8211; jaki sprz\u0119t?<\/a><ul class='ez-toc-list-level-4' ><li class='ez-toc-heading-level-4'><ul class='ez-toc-list-level-4' ><li class='ez-toc-heading-level-4'><a class=\"ez-toc-link ez-toc-heading-3\" href=\"https:\/\/fotojoker.pl\/blog\/sesja-zdjeciowa-na-roczek-dziecka\/#Olympus_OM-D_E-M10_Mark_II_z_ob_14-42mm_f35-56_ED_EZ_PANCAKE\" >Olympus OM-D E-M10 Mark II z ob. 14-42mm f\/3.5-5.6 ED EZ PANCAKE<\/a><\/li><li class='ez-toc-page-1 ez-toc-heading-level-4'><a class=\"ez-toc-link ez-toc-heading-4\" href=\"https:\/\/fotojoker.pl\/blog\/sesja-zdjeciowa-na-roczek-dziecka\/#Olympus_MZuiko_Digital_45_mm_f18_ED\" >Olympus M.Zuiko Digital 45 mm f\/1.8 ED<\/a><\/li><li class='ez-toc-page-1 ez-toc-heading-level-4'><a class=\"ez-toc-link ez-toc-heading-5\" href=\"https:\/\/fotojoker.pl\/blog\/sesja-zdjeciowa-na-roczek-dziecka\/#Blenda_fotograficzna_Quadralite_60_cm_bialo-srebrna\" >Blenda fotograficzna Quadralite 60 cm bia\u0142o-srebrna<\/a><\/li><li class='ez-toc-page-1 ez-toc-heading-level-4'><a class=\"ez-toc-link ez-toc-heading-6\" href=\"https:\/\/fotojoker.pl\/blog\/sesja-zdjeciowa-na-roczek-dziecka\/#Statyw_Hama_Traveller_117_Ball\" >Statyw Hama Traveller 117 Ball<\/a><\/li><\/ul><\/li><\/ul><\/li><\/ul><\/nav><\/div>\n<h2><span class=\"ez-toc-section\" id=\"Zdjecia_z_pierwszego_roku_%E2%80%93_bezcenna_pamiatka_i_prezent_od_serca\"><\/span>Zdj\u0119cia z pierwszego roku \u2013 bezcenna pami\u0105tka i prezent od serca<span class=\"ez-toc-section-end\"><\/span><\/h2>\n<p>&nbsp;<\/p>\n<p>Pierwsze chwile z dzieckiem w domu s\u0105 wyj\u0105tkowe i przepe\u0142nione mi\u0142o\u015bci\u0105. Tak d\u0142ugo wyczekiwany maluszek w ko\u0144cu jest w\u015br\u00f3d Was i mo\u017cecie razem prze\u017cywa\u0107 wiele pierwszych moment\u00f3w. Jego miny, u\u015bmiechy, zabawy s\u0105 dla Was wielk\u0105 rado\u015bci\u0105. Warto uchwyci\u0107 te niesamowite momenty i zatrzyma\u0107 je na zawsze dzi\u0119ki fotografiom. Wyobra\u017a sobie, jak przyjemnie b\u0119dzie usi\u0105\u015b\u0107 z ca\u0142\u0105 rodzin\u0105 przy kominku w jesienny wiecz\u00f3r i powspomina\u0107 roczek dziecka. Ogl\u0105daj\u0105c zdj\u0119cia, na kt\u00f3rych wida\u0107 jak uwielbia\u0142 swoj\u0105 przytulank\u0119, kt\u00f3r\u0105 dosta\u0142 od Babci, przeniesiesz si\u0119 do radosnych wspomnie\u0144. To mo\u017ce by\u0107 cudowny wiecz\u00f3r sp\u0119dzony z tymi, kt\u00f3rych kochasz. Poza tym to w\u0142a\u015bnie zdj\u0119cia pozwol\u0105 dziecku pozna\u0107 tak barwny okres w \u017cyciu i wiele anegdot zwi\u0105zanych z pierwszymi miesi\u0105cami \u017cycia.<\/p>\n<p>Wsp\u00f3lne momenty s\u0105 zupe\u0142nie wyj\u0105tkowe. Gdy maluch \u015bmieje si\u0119 lub s\u0142odko \u015bpi, z ch\u0119ci\u0105 si\u0119gamy po aparat. Wykonanie udanego portretu dziecka daje ogromn\u0105\u00a0satysfakcj\u0119 i pozwala stworzy\u0107\u00a0pami\u0105tk\u0119 na ca\u0142e \u017cycie.<\/p>\n<p><img decoding=\"async\" loading=\"lazy\" class=\"alignnone size-full wp-image-8007\" src=\"https:\/\/fotojoker.pl\/blog\/wp-content\/uploads\/Kronika-na-roczek-5.jpg\" alt=\"roczek dziecka\" width=\"756\" height=\"400\" srcset=\"https:\/\/fotoservice.fotojoker.pl\/blog\/wp-content\/uploads\/Kronika-na-roczek-5.jpg 756w, https:\/\/fotoservice.fotojoker.pl\/blog\/wp-content\/uploads\/Kronika-na-roczek-5-300x159.jpg 300w, https:\/\/fotoservice.fotojoker.pl\/blog\/wp-content\/uploads\/Kronika-na-roczek-5-730x386.jpg 730w, https:\/\/fotoservice.fotojoker.pl\/blog\/wp-content\/uploads\/Kronika-na-roczek-5-350x185.jpg 350w, https:\/\/fotoservice.fotojoker.pl\/blog\/wp-content\/uploads\/Kronika-na-roczek-5-514x272.jpg 514w\" sizes=\"(max-width: 756px) 100vw, 756px\" \/><\/p>\n<p>Nie uwa\u017casz, \u017ce \u015bwietnym pomys\u0142em by\u0142oby zorganizowanie sesji zdj\u0119ciowej na roczek dziecka? \u00a0Efekty takiej sesji, jak i zdj\u0119cia zbierane przez ca\u0142y rok mog\u0105 pos\u0142u\u017cy\u0107 do stworzenia wyj\u0105tkowych prezent\u00f3w z okazji pierwszych urodzin. Idealnie sprawdzi si\u0119 CEWE Fotoplakat, CEWE FOTOKSI\u0104\u017bKA lub Fotokalendarz w najwy\u017cszej jako\u015bci Premium. Dla siebie lub bliskich. Dziadkowie na pewno uciesz\u0105 si\u0119 z kalendarza, w kt\u00f3rych ka\u017cda z 12 kartek to zdj\u0119cie z kolejnego miesi\u0105ca \u017cycia ich wnuczka.<\/p>\n<p>Jednak, aby taka sesja by\u0142a naprawd\u0119 udana, warto wyposa\u017cy\u0107 si\u0119 w odpowiedni sprz\u0119t. Poni\u017cej znajdziesz kilka propozycji, kt\u00f3rymi warto uzupe\u0142ni\u0107\u00a0sw\u00f3j zestaw fotograficzny lub na bazie tych modeli stworzy\u0107\u00a0wyposa\u017cenie do sesji zdj\u0119ciowej.<\/p>\n<h2><span class=\"ez-toc-section\" id=\"Fotografie_na_roczek_dziecka_%E2%80%93_jaki_sprzet\"><\/span><strong>Fotografie na roczek dziecka &#8211; jaki sprz\u0119t?<\/strong><span class=\"ez-toc-section-end\"><\/span><\/h2>\n<h4><span class=\"ez-toc-section\" id=\"Olympus_OM-D_E-M10_Mark_II_z_ob_14-42mm_f35-56_ED_EZ_PANCAKE\"><\/span><a href=\"https:\/\/fotojoker.pl\/aparaty-cyfrowe\/bezlusterkowce\/olympus-om-d-e-m10-mark-ii-z-ob-14-42mm-f-35-56-ed-ez-pancake-srebrny\">Olympus OM-D E-M10 Mark II z ob. 14-42mm f\/3.5-5.6 ED EZ PANCAKE<\/a><span class=\"ez-toc-section-end\"><\/span><\/h4>\n<p>Robienie zdj\u0119\u0107 maluchom to \u015bwietna zabawa i umiej\u0119tno\u015b\u0107 utrwalanie pi\u0119knych chwil. Przede wszystkim fotografia dzieci\u0119ca to po\u0142\u0105czenie podej\u015bcia fotoreporta\u017cowego i znanego ze street photo. Nic wi\u0119c dziwnego, \u017ce aparaty, kt\u00f3re sprawdzaj\u0105\u00a0si\u0119 w tych gatunkach fotografii, pomog\u0105 r\u00f3wnie\u017c podczas sesji na roczek dziecka. Olympus OM-D E-M10 Mark II zapewni wszystko to, co niezb\u0119dne podczas rejestrowania beztroskich chwil z \u017cycia maluch\u00f3w.<\/p>\n<p><img decoding=\"async\" src=\"https:\/\/fotojoker.pl\/imageserver\/750\/750\/scale\/p\/japan\/BDK_PL\/80045263.jpg\" alt=\"Olympus OM-D E-M10 Mark II z ob. 14-42mm f\/3.5-5.6 ED EZ PANCAKE (srebrny)\" \/><\/p>\n<p>Przede wszystkim ten bezlusterkowiec pozwala nad\u0105\u017cy\u0107 za pociechami. Oferuje szybki system AF z 81 polami AF i detekcj\u0105\u00a0kontrastu, tryb zdj\u0119\u0107 seryjnych dzia\u0142aj\u0105cy z pr\u0119dko\u015bci\u0105 do 8,5 kl.\/s i czu\u0142o\u015b\u0107\u00a0ISO wynosz\u0105ca a\u017c maksymalnie 25 600. W po\u0142\u0105czeniu z wydajn\u0105 5-osiow\u0105\u00a0stabilizacj\u0105\u00a0obrazu i wizjerem elektronicznym o wysokiej rozdzielczo\u015bci pozwala skupi\u0107 si\u0119\u00a0na chwytaniu ulotnych chwil podczas zabaw pociech. Do\u0142\u0105czony w zestawie obiektyw M.Zuiko 14-42 mm f\/3.5-5.6 ED EZ Pancake jest dyskretny i nie b\u0119dzie przesadnie zwraca\u0142 na siebie uwagi milusi\u0144skich. Jego ogniskowa (mno\u017cnik ogniskowej dla formatu Micro 4\/3 wynosi 2x) umo\u017cliwia wykonywanie \u015bwietnych portret\u00f3w dzieci pozbawionych zniekszta\u0142ce\u0144.<\/p>\n<h4><span class=\"ez-toc-section\" id=\"Olympus_MZuiko_Digital_45_mm_f18_ED\"><\/span><a href=\"https:\/\/fotojoker.pl\/Obiektywy-Konwertery\/obiektywy-mocowanie-olympus\/olympus-mzuiko-digital-45-mm-f-18-ed-srebrny\">Olympus M.Zuiko Digital 45 mm f\/1.8 ED<\/a><span class=\"ez-toc-section-end\"><\/span><\/h4>\n<p>Kolejna propozycja sprz\u0119tu do sesji dzieci\u0119cej mo\u017ce wydawa\u0107 si\u0119\u00a0z pocz\u0105tku nieoczywista, ale gdy we\u017amie si\u0119 pod uwag\u0119\u00a0ww. mno\u017cnik ogniskowej dla formatu Micro 4\/3 wynosz\u0105cy 2x, to wtedy okazuje si\u0119, \u017ce Olympus M.Zuiko Digital 45 mm f\/1.8 ED \u015bwietnie sprawdzi si\u0119 w fotografii portretowej dzieci.<\/p>\n<p><img decoding=\"async\" src=\"https:\/\/fotojoker.pl\/imageserver\/750\/750\/scale\/p\/japan\/Produktbilder_1\/Olympus\/Micro-Thirds\/45mm\/olympus-digital-45mm-18-msc.jpg\" alt=\"Olympus M.Zuiko Digital 45mm f\/1.8 ED (srebrny).\" \/><\/p>\n<p>Poza k\u0105tem widzenia odpowiadaj\u0105cym obiektywowi o ogniskowej 90 mm Olympus M.Zuiko Digital 45 mm f\/1.8 ED oferuje przes\u0142on\u0105 wynosz\u0105ca f\/1.8. Dzi\u0119ki temu mo\u017cna uzyska\u0107 naprawd\u0119 p\u0142ytk\u0105\u00a0g\u0142\u0119bi\u0119 ostro\u015bci, kt\u00f3ra jest tak po\u017c\u0105dan\u0105 w fotografii portretowej. Co wi\u0119cej, jego wysoka jako\u015b\u0107 optyczna i zaawansowana konstrukcja umo\u017cliwiaj\u0105 uzyskanie plastycznego efektu bokeh. Nastrojowe kadry na roczek dziecka gwarantowane!<\/p>\n<h4><span class=\"ez-toc-section\" id=\"Blenda_fotograficzna_Quadralite_60_cm_bialo-srebrna\"><\/span><a href=\"https:\/\/fotojoker.pl\/quadralite-blenda-bia%C5%82o-srebrna%2060cm\">Blenda fotograficzna Quadralite 60 cm bia\u0142o-srebrna <\/a><span class=\"ez-toc-section-end\"><\/span><\/h4>\n<p>Podczas sesji na roczek dziecka trudno jest operowa\u0107 \u015bwiat\u0142em b\u0142yskowym, st\u0105d cz\u0119sto trzeba polega\u0107\u00a0na \u015bwietle zastanym. Ten typ o\u015bwietlenia jest naj\u0142atwiej dost\u0119pny i naturalny dla dziecka, st\u0105d pocz\u0105tkuj\u0105cy prawdopodobnie w\u0142a\u015bnie w takich warunkach b\u0119d\u0105 realizowali swoje sesje portretowe dzieci. Aby jednak m\u00f3c kreatywnie pracowa\u0107\u00a0ze \u015bwiat\u0142em zastanym niezb\u0119dne jest wyposa\u017cenie si\u0119 w blend\u0119 fotograficzn\u0105 (zreszt\u0105\u00a0przyda si\u0119\u00a0tak\u017ce przy \u015bwietle sztucznym).<\/p>\n<p>Blenda to podstawowy modyfikator \u015bwiat\u0142a, kt\u00f3ra dzia\u0142a na bardzo prostej zasadzie. W przypadku blendy Quadralite wykorzystuje dwie powierzchnie &#8211; bia\u0142\u0105 i srebrn\u0105. Pozwalaj\u0105\u00a0one odbija\u0107 \u015bwiat\u0142o tak, aby do\u015bwietli\u0107 zacienione fragmenty sceny. Przyk\u0142adowo wi\u0119c pos\u0142u\u017c\u0105\u00a0do do\u015bwietlenia twarzyczki dziecka, gdy np. le\u017cy lub siedzi bokiem albo ty\u0142em do g\u0142\u00f3wnego \u017ar\u00f3d\u0142a \u015bwiat\u0142a. Bia\u0142a powierzchnia blendy mo\u017ce pos\u0142u\u017cy\u0107 tak\u017ce za neutralne t\u0142o, gdy w pokoju dziecka znajduj\u0105ce si\u0119\u00a0na kolejnych planach kolorowe zabawki odwracaj\u0105\u00a0uwag\u0119\u00a0od maluszka.<\/p>\n<h4><span class=\"ez-toc-section\" id=\"Statyw_Hama_Traveller_117_Ball\"><\/span><a href=\"https:\/\/fotojoker.pl\/statyw-hama-traveller-117-ball\">Statyw Hama Traveller 117 Ball<\/a><span class=\"ez-toc-section-end\"><\/span><\/h4>\n<p>Fotografia dzieci nale\u017cy raczej do dynamicznych dziedzin, dlatego podczas sesji warto mie\u0107 ze sob\u0105 statyw. W szczeg\u00f3lno\u015bci, je\u015bli zamierzasz wykona\u0107\u00a0wsp\u00f3lne zdj\u0119cia z okazji roczku. Wtedy aparat z samowyzwalaczem mo\u017ce by\u0107\u00a0ustawiony na statywie tak, aby umo\u017cliwi\u0107 Wam znalezienie si\u0119\u00a0ca\u0142\u0105 rodzin\u0105\u00a0na zdj\u0119ciu.<\/p>\n<p>Przyk\u0142adowy model statywu Hama Traveller 117 Ball posiada wszystkie funkcje, kt\u00f3rych mo\u017cna oczekiwa\u0107 od dobrego statywu. Z perspektywy fotografii dzieci\u0119cej przyda si\u0119\u00a0w szczeg\u00f3lno\u015bci g\u0142owica kulowa, kt\u00f3ra pozwala bardzo szybko i precyzyjnie zmieni\u0107\u00a0po\u0142o\u017cenie aparatu. Przy niekiedy naprawd\u0119\u00a0szybko dziej\u0105cych si\u0119\u00a0wydarzeniach podczas sesji portretowej dziecka b\u0119dzie to naprawd\u0119\u00a0kluczowa funkcja.<\/p>\n<div class=\"pntrst_main_before_after\"><\/div>","protected":false},"excerpt":{"rendered":"<p>Pierwszy rok \u017cycia dziecka jest zupe\u0142nie wyj\u0105tkowy. Wszystko jest nowe i maluszek codziennie Ci\u0119 zaskakuje. Pierwszy spacer, z\u0105bek, u\u015bmiech. Wszystkie te momenty zas\u0142uguj\u0105 na to, aby zapami\u0119ta\u0107 je na zawsze. W zachowaniu tych ulotnych chwil pomo\u017ce\u00a0fotografia. Dobrym pomys\u0142em jest zorganizowanie sesji zdj\u0119ciowej na roczek dziecka. Wyj\u0105tkowe kadry stan\u0105 si\u0119 bezcenn\u0105 pami\u0105tk\u0105. B\u0119dziesz m\u00f3g\u0142 wraca\u0107 do [&hellip;]<\/p>\n","protected":false},"author":16,"featured_media":8006,"comment_status":"open","ping_status":"open","sticky":false,"template":"","format":"standard","meta":{"inline_featured_image":false,"spay_email":"","jetpack_publicize_message":"","jetpack_is_tweetstorm":false,"jetpack_publicize_feature_enabled":true},"categories":[201],"tags":[],"yoast_head":"<!-- This site is optimized with the Yoast SEO plugin v19.1 - https:\/\/yoast.com\/wordpress\/plugins\/seo\/ -->\n<title>Sesja zdj\u0119ciowa na roczek dziecka - Blog FOTOJOKER.pl<\/title>\n<meta name=\"description\" content=\"Roczek dziecka jest zupe\u0142nie wyj\u0105tkowy. Maluszek codziennie Ci\u0119 zaskakuje. Wszystkie te momenty zas\u0142uguj\u0105 na to, aby je zapami\u0119ta\u0107.\" \/>\n<meta name=\"robots\" content=\"index, follow, max-snippet:-1, max-image-preview:large, max-video-preview:-1\" \/>\n<link rel=\"canonical\" href=\"https:\/\/fotojoker.pl\/blog\/sesja-zdjeciowa-na-roczek-dziecka\/\" \/>\n<meta property=\"og:locale\" content=\"pl_PL\" \/>\n<meta property=\"og:type\" content=\"article\" \/>\n<meta property=\"og:title\" content=\"Sesja zdj\u0119ciowa na roczek dziecka - Blog FOTOJOKER.pl\" \/>\n<meta property=\"og:description\" content=\"Roczek dziecka jest zupe\u0142nie wyj\u0105tkowy. Maluszek codziennie Ci\u0119 zaskakuje. Wszystkie te momenty zas\u0142uguj\u0105 na to, aby je zapami\u0119ta\u0107.\" \/>\n<meta property=\"og:url\" content=\"https:\/\/fotojoker.pl\/blog\/sesja-zdjeciowa-na-roczek-dziecka\/\" \/>\n<meta property=\"og:site_name\" content=\"Blog FOTOJOKER.pl\" \/>\n<meta property=\"article:published_time\" content=\"2020-11-13T11:00:12+00:00\" \/>\n<meta property=\"og:image\" content=\"https:\/\/fotoservice.fotojoker.pl\/blog\/wp-content\/uploads\/CEWE_Blog_szablon_G\u0141OWNA_GRAFIKA_Wart.jpg\" \/>\n\t<meta property=\"og:image:width\" content=\"856\" \/>\n\t<meta property=\"og:image:height\" content=\"371\" \/>\n\t<meta property=\"og:image:type\" content=\"image\/jpeg\" \/>\n<meta name=\"twitter:card\" content=\"summary\" \/>\n<meta name=\"twitter:label1\" content=\"Napisane przez\" \/>\n\t<meta name=\"twitter:data1\" content=\"Katarzyna Kostrubiec\" \/>\n\t<meta name=\"twitter:label2\" content=\"Szacowany czas czytania\" \/>\n\t<meta name=\"twitter:data2\" content=\"5 minut\" \/>\n<script type=\"application\/ld+json\" class=\"yoast-schema-graph\">{\"@context\":\"https:\/\/schema.org\",\"@graph\":[{\"@type\":\"WebSite\",\"@id\":\"https:\/\/fotojoker.pl\/blog\/#website\",\"url\":\"https:\/\/fotojoker.pl\/blog\/\",\"name\":\"Blog FOTOJOKER.pl\",\"description\":\"Blog fotograficzny - to i owo dla ka\u017cdego fana robienia zdj\u0119\u0107 i czego\u015b z tych zdj\u0119\u0107.\",\"potentialAction\":[{\"@type\":\"SearchAction\",\"target\":{\"@type\":\"EntryPoint\",\"urlTemplate\":\"https:\/\/fotojoker.pl\/blog\/?s={search_term_string}\"},\"query-input\":\"required name=search_term_string\"}],\"inLanguage\":\"pl-PL\"},{\"@type\":\"ImageObject\",\"inLanguage\":\"pl-PL\",\"@id\":\"https:\/\/fotojoker.pl\/blog\/sesja-zdjeciowa-na-roczek-dziecka\/#primaryimage\",\"url\":\"https:\/\/fotoservice.fotojoker.pl\/blog\/wp-content\/uploads\/CEWE_Blog_szablon_G\u0141OWNA_GRAFIKA_Wart.jpg\",\"contentUrl\":\"https:\/\/fotoservice.fotojoker.pl\/blog\/wp-content\/uploads\/CEWE_Blog_szablon_G\u0141OWNA_GRAFIKA_Wart.jpg\",\"width\":856,\"height\":371,\"caption\":\"roczek dziecka\"},{\"@type\":\"WebPage\",\"@id\":\"https:\/\/fotojoker.pl\/blog\/sesja-zdjeciowa-na-roczek-dziecka\/#webpage\",\"url\":\"https:\/\/fotojoker.pl\/blog\/sesja-zdjeciowa-na-roczek-dziecka\/\",\"name\":\"Sesja zdj\u0119ciowa na roczek dziecka - Blog FOTOJOKER.pl\",\"isPartOf\":{\"@id\":\"https:\/\/fotojoker.pl\/blog\/#website\"},\"primaryImageOfPage\":{\"@id\":\"https:\/\/fotojoker.pl\/blog\/sesja-zdjeciowa-na-roczek-dziecka\/#primaryimage\"},\"datePublished\":\"2020-11-13T11:00:12+00:00\",\"dateModified\":\"2020-11-13T11:00:12+00:00\",\"author\":{\"@id\":\"https:\/\/fotojoker.pl\/blog\/#\/schema\/person\/482d2fd1eac2f1136c11f3bb27008a01\"},\"description\":\"Roczek dziecka jest zupe\u0142nie wyj\u0105tkowy. Maluszek codziennie Ci\u0119 zaskakuje. Wszystkie te momenty zas\u0142uguj\u0105 na to, aby je zapami\u0119ta\u0107.\",\"breadcrumb\":{\"@id\":\"https:\/\/fotojoker.pl\/blog\/sesja-zdjeciowa-na-roczek-dziecka\/#breadcrumb\"},\"inLanguage\":\"pl-PL\",\"potentialAction\":[{\"@type\":\"ReadAction\",\"target\":[\"https:\/\/fotojoker.pl\/blog\/sesja-zdjeciowa-na-roczek-dziecka\/\"]}]},{\"@type\":\"BreadcrumbList\",\"@id\":\"https:\/\/fotojoker.pl\/blog\/sesja-zdjeciowa-na-roczek-dziecka\/#breadcrumb\",\"itemListElement\":[{\"@type\":\"ListItem\",\"position\":1,\"name\":\"Strona g\u0142\u00f3wna\",\"item\":\"https:\/\/fotojoker.pl\/blog\/\"},{\"@type\":\"ListItem\",\"position\":2,\"name\":\"Sesja zdj\u0119ciowa na roczek dziecka\"}]},{\"@type\":\"Person\",\"@id\":\"https:\/\/fotojoker.pl\/blog\/#\/schema\/person\/482d2fd1eac2f1136c11f3bb27008a01\",\"name\":\"Katarzyna Kostrubiec\",\"image\":{\"@type\":\"ImageObject\",\"inLanguage\":\"pl-PL\",\"@id\":\"https:\/\/fotojoker.pl\/blog\/#\/schema\/person\/image\/\",\"url\":\"https:\/\/fotoservice.fotojoker.pl\/blog\/wp-content\/uploads\/pobrane-100x100.png\",\"contentUrl\":\"https:\/\/fotoservice.fotojoker.pl\/blog\/wp-content\/uploads\/pobrane-100x100.png\",\"caption\":\"Katarzyna Kostrubiec\"},\"url\":\"https:\/\/fotojoker.pl\/blog\/author\/kasia\/\"}]}<\/script>\n<!-- \/ Yoast SEO plugin. -->","yoast_head_json":{"title":"Sesja zdj\u0119ciowa na roczek dziecka - Blog FOTOJOKER.pl","description":"Roczek dziecka jest zupe\u0142nie wyj\u0105tkowy. Maluszek codziennie Ci\u0119 zaskakuje. Wszystkie te momenty zas\u0142uguj\u0105 na to, aby je zapami\u0119ta\u0107.","robots":{"index":"index","follow":"follow","max-snippet":"max-snippet:-1","max-image-preview":"max-image-preview:large","max-video-preview":"max-video-preview:-1"},"canonical":"https:\/\/fotojoker.pl\/blog\/sesja-zdjeciowa-na-roczek-dziecka\/","og_locale":"pl_PL","og_type":"article","og_title":"Sesja zdj\u0119ciowa na roczek dziecka - Blog FOTOJOKER.pl","og_description":"Roczek dziecka jest zupe\u0142nie wyj\u0105tkowy. Maluszek codziennie Ci\u0119 zaskakuje. Wszystkie te momenty zas\u0142uguj\u0105 na to, aby je zapami\u0119ta\u0107.","og_url":"https:\/\/fotojoker.pl\/blog\/sesja-zdjeciowa-na-roczek-dziecka\/","og_site_name":"Blog FOTOJOKER.pl","article_published_time":"2020-11-13T11:00:12+00:00","og_image":[{"width":856,"height":371,"url":"https:\/\/fotoservice.fotojoker.pl\/blog\/wp-content\/uploads\/CEWE_Blog_szablon_G\u0141OWNA_GRAFIKA_Wart.jpg","type":"image\/jpeg"}],"twitter_card":"summary","twitter_misc":{"Napisane przez":"Katarzyna Kostrubiec","Szacowany czas czytania":"5 minut"},"schema":{"@context":"https:\/\/schema.org","@graph":[{"@type":"WebSite","@id":"https:\/\/fotojoker.pl\/blog\/#website","url":"https:\/\/fotojoker.pl\/blog\/","name":"Blog FOTOJOKER.pl","description":"Blog fotograficzny - to i owo dla ka\u017cdego fana robienia zdj\u0119\u0107 i czego\u015b z tych zdj\u0119\u0107.","potentialAction":[{"@type":"SearchAction","target":{"@type":"EntryPoint","urlTemplate":"https:\/\/fotojoker.pl\/blog\/?s={search_term_string}"},"query-input":"required name=search_term_string"}],"inLanguage":"pl-PL"},{"@type":"ImageObject","inLanguage":"pl-PL","@id":"https:\/\/fotojoker.pl\/blog\/sesja-zdjeciowa-na-roczek-dziecka\/#primaryimage","url":"https:\/\/fotoservice.fotojoker.pl\/blog\/wp-content\/uploads\/CEWE_Blog_szablon_G\u0141OWNA_GRAFIKA_Wart.jpg","contentUrl":"https:\/\/fotoservice.fotojoker.pl\/blog\/wp-content\/uploads\/CEWE_Blog_szablon_G\u0141OWNA_GRAFIKA_Wart.jpg","width":856,"height":371,"caption":"roczek dziecka"},{"@type":"WebPage","@id":"https:\/\/fotojoker.pl\/blog\/sesja-zdjeciowa-na-roczek-dziecka\/#webpage","url":"https:\/\/fotojoker.pl\/blog\/sesja-zdjeciowa-na-roczek-dziecka\/","name":"Sesja zdj\u0119ciowa na roczek dziecka - Blog FOTOJOKER.pl","isPartOf":{"@id":"https:\/\/fotojoker.pl\/blog\/#website"},"primaryImageOfPage":{"@id":"https:\/\/fotojoker.pl\/blog\/sesja-zdjeciowa-na-roczek-dziecka\/#primaryimage"},"datePublished":"2020-11-13T11:00:12+00:00","dateModified":"2020-11-13T11:00:12+00:00","author":{"@id":"https:\/\/fotojoker.pl\/blog\/#\/schema\/person\/482d2fd1eac2f1136c11f3bb27008a01"},"description":"Roczek dziecka jest zupe\u0142nie wyj\u0105tkowy. Maluszek codziennie Ci\u0119 zaskakuje. Wszystkie te momenty zas\u0142uguj\u0105 na to, aby je zapami\u0119ta\u0107.","breadcrumb":{"@id":"https:\/\/fotojoker.pl\/blog\/sesja-zdjeciowa-na-roczek-dziecka\/#breadcrumb"},"inLanguage":"pl-PL","potentialAction":[{"@type":"ReadAction","target":["https:\/\/fotojoker.pl\/blog\/sesja-zdjeciowa-na-roczek-dziecka\/"]}]},{"@type":"BreadcrumbList","@id":"https:\/\/fotojoker.pl\/blog\/sesja-zdjeciowa-na-roczek-dziecka\/#breadcrumb","itemListElement":[{"@type":"ListItem","position":1,"name":"Strona g\u0142\u00f3wna","item":"https:\/\/fotojoker.pl\/blog\/"},{"@type":"ListItem","position":2,"name":"Sesja zdj\u0119ciowa na roczek dziecka"}]},{"@type":"Person","@id":"https:\/\/fotojoker.pl\/blog\/#\/schema\/person\/482d2fd1eac2f1136c11f3bb27008a01","name":"Katarzyna Kostrubiec","image":{"@type":"ImageObject","inLanguage":"pl-PL","@id":"https:\/\/fotojoker.pl\/blog\/#\/schema\/person\/image\/","url":"https:\/\/fotoservice.fotojoker.pl\/blog\/wp-content\/uploads\/pobrane-100x100.png","contentUrl":"https:\/\/fotoservice.fotojoker.pl\/blog\/wp-content\/uploads\/pobrane-100x100.png","caption":"Katarzyna Kostrubiec"},"url":"https:\/\/fotojoker.pl\/blog\/author\/kasia\/"}]}},"jetpack_featured_media_url":"https:\/\/fotoservice.fotojoker.pl\/blog\/wp-content\/uploads\/CEWE_Blog_szablon_G\u0141OWNA_GRAFIKA_Wart.jpg","jetpack_publicize_connections":[],"jetpack_sharing_enabled":true,"jetpack_shortlink":"https:\/\/wp.me\/p8cm9e-257","_links":{"self":[{"href":"https:\/\/fotojoker.pl\/blog\/wp-json\/wp\/v2\/posts\/8005"}],"collection":[{"href":"https:\/\/fotojoker.pl\/blog\/wp-json\/wp\/v2\/posts"}],"about":[{"href":"https:\/\/fotojoker.pl\/blog\/wp-json\/wp\/v2\/types\/post"}],"author":[{"embeddable":true,"href":"https:\/\/fotojoker.pl\/blog\/wp-json\/wp\/v2\/users\/16"}],"replies":[{"embeddable":true,"href":"https:\/\/fotojoker.pl\/blog\/wp-json\/wp\/v2\/comments?post=8005"}],"version-history":[{"count":1,"href":"https:\/\/fotojoker.pl\/blog\/wp-json\/wp\/v2\/posts\/8005\/revisions"}],"predecessor-version":[{"id":8008,"href":"https:\/\/fotojoker.pl\/blog\/wp-json\/wp\/v2\/posts\/8005\/revisions\/8008"}],"wp:featuredmedia":[{"embeddable":true,"href":"https:\/\/fotojoker.pl\/blog\/wp-json\/wp\/v2\/media\/8006"}],"wp:attachment":[{"href":"https:\/\/fotojoker.pl\/blog\/wp-json\/wp\/v2\/media?parent=8005"}],"wp:term":[{"taxonomy":"category","embeddable":true,"href":"https:\/\/fotojoker.pl\/blog\/wp-json\/wp\/v2\/categories?post=8005"},{"taxonomy":"post_tag","embeddable":true,"href":"https:\/\/fotojoker.pl\/blog\/wp-json\/wp\/v2\/tags?post=8005"}],"curies":[{"name":"wp","href":"https:\/\/api.w.org\/{rel}","templated":true}]}}