{"id":8624,"date":"2021-03-30T13:54:47","date_gmt":"2021-03-30T13:54:47","guid":{"rendered":"https:\/\/fotojoker.pl\/blog\/?p=8624"},"modified":"2021-03-30T13:54:47","modified_gmt":"2021-03-30T13:54:47","slug":"pierwszy-aparat-fotograficzny-na-swiecie","status":"publish","type":"post","link":"https:\/\/fotojoker.pl\/blog\/pierwszy-aparat-fotograficzny-na-swiecie\/","title":{"rendered":"Pierwszy aparat fotograficzny na \u015bwiecie"},"content":{"rendered":"<div class=\"pntrst_main_before_after\"><\/div><p><strong>Dzi\u015b \u017cyjemy w dobie wszechobecnych aparat\u00f3w fotograficznych. Niezale\u017cnie na jakim urz\u0105dzeniu czytasz ten tekst najpewniej masz wycelowany w swoim kierunku obiektyw &#8211; mini kamerki smartfona lub komputera. Nasza codzienno\u015b\u0107 dla naszych przodk\u00f3w jest zatem rodem z opowie\u015bci science fiction. A gdyby tak cofn\u0105\u0107 si\u0119 w czasie i odkry\u0107 pierwszy aparat fotograficzny na \u015bwiecie? Kto go stworzy\u0142? Jakie by\u0142y pocz\u0105tki tego najpopularniejszego z medi\u00f3w?<\/strong><\/p>\n<p><!--more--><\/p>\n<p>&nbsp;<\/p>\n<div id=\"ez-toc-container\" class=\"ez-toc-v2_0_80 counter-hierarchy ez-toc-counter ez-toc-grey ez-toc-container-direction\">\n<div class=\"ez-toc-title-container\">\n<p class=\"ez-toc-title\" style=\"cursor:inherit\">Spis tre\u015bci<\/p>\n<span class=\"ez-toc-title-toggle\"><a href=\"#\" class=\"ez-toc-pull-right ez-toc-btn ez-toc-btn-xs ez-toc-btn-default ez-toc-toggle\" aria-label=\"Prze\u0142\u0105cznik Spisu Tre\u015bci\"><span class=\"ez-toc-js-icon-con\"><span class=\"\"><span class=\"eztoc-hide\" style=\"display:none;\">Toggle<\/span><span class=\"ez-toc-icon-toggle-span\"><svg style=\"fill: #999;color:#999\" xmlns=\"http:\/\/www.w3.org\/2000\/svg\" class=\"list-377408\" width=\"20px\" height=\"20px\" viewBox=\"0 0 24 24\" fill=\"none\"><path d=\"M6 6H4v2h2V6zm14 0H8v2h12V6zM4 11h2v2H4v-2zm16 0H8v2h12v-2zM4 16h2v2H4v-2zm16 0H8v2h12v-2z\" fill=\"currentColor\"><\/path><\/svg><svg style=\"fill: #999;color:#999\" class=\"arrow-unsorted-368013\" xmlns=\"http:\/\/www.w3.org\/2000\/svg\" width=\"10px\" height=\"10px\" viewBox=\"0 0 24 24\" version=\"1.2\" baseProfile=\"tiny\"><path d=\"M18.2 9.3l-6.2-6.3-6.2 6.3c-.2.2-.3.4-.3.7s.1.5.3.7c.2.2.4.3.7.3h11c.3 0 .5-.1.7-.3.2-.2.3-.5.3-.7s-.1-.5-.3-.7zM5.8 14.7l6.2 6.3 6.2-6.3c.2-.2.3-.5.3-.7s-.1-.5-.3-.7c-.2-.2-.4-.3-.7-.3h-11c-.3 0-.5.1-.7.3-.2.2-.3.5-.3.7s.1.5.3.7z\"\/><\/svg><\/span><\/span><\/span><\/a><\/span><\/div>\n<nav><ul class='ez-toc-list ez-toc-list-level-1 ' ><li class='ez-toc-page-1 ez-toc-heading-level-2'><a class=\"ez-toc-link ez-toc-heading-1\" href=\"https:\/\/fotojoker.pl\/blog\/pierwszy-aparat-fotograficzny-na-swiecie\/#Jaki_byl_pierwszy_aparat_fotograficzny_na_swiecie\" >Jaki by\u0142 pierwszy aparat fotograficzny na \u015bwiecie?<\/a><\/li><li class='ez-toc-page-1 ez-toc-heading-level-2'><a class=\"ez-toc-link ez-toc-heading-2\" href=\"https:\/\/fotojoker.pl\/blog\/pierwszy-aparat-fotograficzny-na-swiecie\/#Od_skrzynki_do_robienia_zdjec_do_aparatu_ze_sztuczna_inteligencja\" >Od skrzynki do robienia zdj\u0119\u0107 do aparatu ze sztuczn\u0105 inteligencj\u0105<\/a><\/li><li class='ez-toc-page-1 ez-toc-heading-level-2'><a class=\"ez-toc-link ez-toc-heading-3\" href=\"https:\/\/fotojoker.pl\/blog\/pierwszy-aparat-fotograficzny-na-swiecie\/#Pierwszy_masowo_produkowany_aparat_fotograficzny\" >Pierwszy masowo produkowany aparat fotograficzny<\/a><\/li><\/ul><\/nav><\/div>\n<h2><span class=\"ez-toc-section\" id=\"Jaki_byl_pierwszy_aparat_fotograficzny_na_swiecie\"><\/span><strong>Jaki by\u0142 pierwszy aparat fotograficzny na \u015bwiecie?<\/strong><span class=\"ez-toc-section-end\"><\/span><\/h2>\n<p>Na pocz\u0105tek podr\u00f3\u017cy w czasie do momentu wynalezienia pierwszego aparatu fotograficznego na \u015bwiecie, warto zda\u0107 sobie spraw\u0119, \u017ce wynalazek ten w swej podstawowej budowie niewiele zmieni\u0142 si\u0119 od pocz\u0105tk\u00f3w swego istnienia. Ot\u00f3\u017c nadal jest to uk\u0142ad obejmuj\u0105cy obiektyw skupiaj\u0105cy promienie \u015bwietlne w danym miejscu, gdzie znajduje si\u0119 element zdolny do utrwalania \u015bwiat\u0142a w formie obrazu. Pierwotnie by\u0142y to emulsj\u0119 \u015bwiat\u0142oczu\u0142e a dzi\u015b s\u0105 to elektroniczne matryce. Niemniej pomys\u0142 na zarejestrowanie obrazu pozostaje wci\u0105\u017c ten sam.<\/p>\n<p>To spostrze\u017cenie pomo\u017ce w zrozumieniu dzia\u0142ania pierwszych aparat\u00f3w. Gdy na nie spojrzymy, oka\u017ce si\u0119, \u017ce nie r\u00f3\u017cni\u0105 si\u0119 a\u017c nadto od wsp\u00f3\u0142czesnych modeli. Oczywi\u015bcie z przyczyn kronikarskich trudno pozna\u0107 dok\u0142adnie pierwszy aparat fotograficzny na \u015bwiecie. W tamtych czasach wiele wynalazk\u00f3w powstawa\u0142o w domowych pracowniach pasjonat\u00f3w wynalazk\u00f3w. Niemal w taki spos\u00f3b powsta\u0142a sama fotografia. W zwi\u0105zku z tym trudno by\u0142oby ustali\u0107, kto pierwszy wykona\u0142 aparat fotograficzny. A nawet gdyby to si\u0119 uda\u0142o, ten prawdopodobnie zagin\u0105\u0142 na prze\u0142omie dziej\u00f3w.<\/p>\n<p><img decoding=\"async\" loading=\"lazy\" class=\"alignnone size-full wp-image-8627\" src=\"https:\/\/fotojoker.pl\/blog\/wp-content\/uploads\/pierwszy-aparat-fotograficzny-1.jpg\" alt=\"pierwszy aparat fotograficzny (3)\" width=\"756\" height=\"400\" srcset=\"https:\/\/fotoservice.fotojoker.pl\/blog\/wp-content\/uploads\/pierwszy-aparat-fotograficzny-1.jpg 756w, https:\/\/fotoservice.fotojoker.pl\/blog\/wp-content\/uploads\/pierwszy-aparat-fotograficzny-1-300x159.jpg 300w, https:\/\/fotoservice.fotojoker.pl\/blog\/wp-content\/uploads\/pierwszy-aparat-fotograficzny-1-730x386.jpg 730w, https:\/\/fotoservice.fotojoker.pl\/blog\/wp-content\/uploads\/pierwszy-aparat-fotograficzny-1-350x185.jpg 350w, https:\/\/fotoservice.fotojoker.pl\/blog\/wp-content\/uploads\/pierwszy-aparat-fotograficzny-1-514x272.jpg 514w\" sizes=\"(max-width: 756px) 100vw, 756px\" \/><\/p>\n<p>Niemniej za jeden z pierwszych i najstarszych aparat\u00f3w uznaje si\u0119 ten stworzony przez braci Suse w 1839 roku (a wi\u0119c w roku wynalezienia fotografii). Umo\u017cliwia\u0142 on wykonywanie dagerotyp\u00f3w. Chocia\u017c by\u0142a to niezwykle prosta konstrukcja obejmuj\u0105ca prosty sta\u0142oogniskowy obiektyw (w zasadzie obiektyw to du\u017ce s\u0142owa &#8211; raczej soczewk\u0119) i miejsce na \u015bwiat\u0142oczu\u0142\u0105 p\u0142yt\u0119 do dagerotypu to cena tego egzemplarza przegania wszystkie wsp\u00f3\u0142czesne, niepor\u00f3wnywalnie bardziej zaawansowane modele. Kolekcjoner zap\u0142aci\u0142 za ten aparat oko\u0142o 2,3 miliona z\u0142otych!<\/p>\n<h2><span class=\"ez-toc-section\" id=\"Od_skrzynki_do_robienia_zdjec_do_aparatu_ze_sztuczna_inteligencja\"><\/span><strong>Od skrzynki do robienia zdj\u0119\u0107 do aparatu ze sztuczn\u0105 inteligencj\u0105<\/strong><span class=\"ez-toc-section-end\"><\/span><\/h2>\n<p>Historii aparat\u00f3w fotograficznych warto by po\u015bwi\u0119ci\u0107 osobn\u0105 seri\u0119 artyku\u0142\u00f3w. Wiele z modeli posiada bardzo ciekawe rozwi\u0105zania i warto by im po\u015bwi\u0119ca\u0107 jeszcze wi\u0119cej uwagi. Niemniej z perspektywy pierwszego aparatu na \u015bwiecie niezwykle fascynuj\u0105ce jest to, jak\u0105 drog\u0119 przeszed\u0142 tego typu sprz\u0119t w ci\u0105gu zaledwie nieco wi\u0119cej ni\u017c 180 lat.<\/p>\n<p>Tak stosunkowo kr\u00f3tki czas wystarczy\u0142, aby aparat fotograficzny ze skrzynki z soczewk\u0105 i miejsce na uczulon\u0105 na \u015bwiat\u0142o p\u0142yt\u0119 sta\u0142 si\u0119 zaawansowanym, nowoczesnym aparatem z algorytmami sztucznej inteligencji. Zreszt\u0105 chyba ka\u017cdy element wsp\u00f3\u0142czesnego aparatu przewy\u017csza wyobra\u017cenia wynalazc\u00f3w takich aparat\u00f3w stworzony przez braci Suse.<\/p>\n<p>We\u017amy pod uwag\u0119, chocia\u017cby spos\u00f3b rozpoczynania ekspozycji. W 1839 roku dokonywano tego po prostu poprzez ods\u0142oni\u0119cie soczewki. Wtedy do skrzynki z materia\u0142em \u015bwiat\u0142oczu\u0142ym zaczyna\u0142y wpada\u0107 promienie \u015bwietlne i ekspozycja zaczyna\u0142 trwa\u0107. Jej zako\u0144czenie nast\u0119powa\u0142o po prostu po zakryciu soczewki. Takie dzia\u0142anie by\u0142o mo\u017cliwe i stosunkowo wygodne, gdy\u017c czasy na\u015bwietlania dagerotyp\u00f3w liczono w minutach, a nie w u\u0142amkach sekund.<\/p>\n<p><img decoding=\"async\" loading=\"lazy\" class=\"alignnone size-full wp-image-8626\" src=\"https:\/\/fotojoker.pl\/blog\/wp-content\/uploads\/pierwszy-aparat-fotograficzny-4.jpg\" alt=\"pierwszy aparat fotograficzny (3)\" width=\"756\" height=\"400\" srcset=\"https:\/\/fotoservice.fotojoker.pl\/blog\/wp-content\/uploads\/pierwszy-aparat-fotograficzny-4.jpg 756w, https:\/\/fotoservice.fotojoker.pl\/blog\/wp-content\/uploads\/pierwszy-aparat-fotograficzny-4-300x159.jpg 300w, https:\/\/fotoservice.fotojoker.pl\/blog\/wp-content\/uploads\/pierwszy-aparat-fotograficzny-4-730x386.jpg 730w, https:\/\/fotoservice.fotojoker.pl\/blog\/wp-content\/uploads\/pierwszy-aparat-fotograficzny-4-350x185.jpg 350w, https:\/\/fotoservice.fotojoker.pl\/blog\/wp-content\/uploads\/pierwszy-aparat-fotograficzny-4-514x272.jpg 514w\" sizes=\"(max-width: 756px) 100vw, 756px\" \/><\/p>\n<p>Wsp\u00f3\u0142czesny fotograf ma do dyspozycji dwustopniowy przycisk migawki. To jednak nic w por\u00f3wnaniu z <a href=\"https:\/\/fotojoker.pl\/sony-a7s-iii-ilce-7sm3-body\">dotykowym uruchamianiem ekspozycji<\/a> za po\u015brednictwem ekranu LCD. A ju\u017c w og\u00f3le czym\u015b, co z pewno\u015bci\u0105 zdumia\u0142oby naszych przodk\u00f3w jest wyzwalanie migawki po wykryciu przez algorytmy u\u015bmiechu! Takiej analizie mo\u017cna by podda\u0107 w\u0142a\u015bciwie ka\u017cdy element dawnego i wsp\u00f3\u0142czesnego aparatu i ka\u017cdorazowo odkrywa\u0107 zdumiewaj\u0105cy post\u0119p.<\/p>\n<h2><span class=\"ez-toc-section\" id=\"Pierwszy_masowo_produkowany_aparat_fotograficzny\"><\/span><strong>Pierwszy masowo produkowany aparat fotograficzny<\/strong><span class=\"ez-toc-section-end\"><\/span><\/h2>\n<p>Jednym z aparat\u00f3w odpowiedzialnych za zrewolucjonizowanie fotografii by\u0142 Kodak Brownie. Ten model wprowadzony na rynek w 1900 roku umasowi\u0142 fotografi\u0119. Aparat ten by\u0142 pierwszym, kt\u00f3ry by\u0142 seryjnie produkowany. Dawa\u0142 dost\u0119p do fotografii szerokiej rzeczy ludzi (cho\u0107 i tak do tak powszechnego dost\u0119pu do zdj\u0119\u0107 by\u0142a jeszcze daleka droga).<\/p>\n<p>Reklamowano go has\u0142em \u201eTy naciskasz przycisk, my robimy ca\u0142\u0105 reszt\u0119\u201d. Oznacza\u0142o to, \u017ce klient otrzymywa\u0142 taki aparat z zamocowanym gotowym zwojem b\u0142ony fotograficznej i nast\u0119pnie wykonywa\u0142 seri\u0119 zdj\u0119\u0107. Gdy ju\u017c wykorzysta\u0142 dost\u0119pn\u0105 liczb\u0119 ekspozycji, wysy\u0142a\u0142 aparat do zak\u0142ad\u00f3w Kodaka, gdzie materia\u0142 Brownie by\u0142 wywo\u0142ywany. Nast\u0119pnie w aparacie mocowano nowy zw\u00f3j z materia\u0142em \u015bwiat\u0142oczu\u0142ym i wysy\u0142ano ponownie do klienta.<\/p>\n<p><img decoding=\"async\" loading=\"lazy\" class=\"alignnone size-full wp-image-8625\" src=\"https:\/\/fotojoker.pl\/blog\/wp-content\/uploads\/pierwszy-aparat-fotograficzny-3.jpg\" alt=\"aparat fotograficzny\" width=\"756\" height=\"400\" srcset=\"https:\/\/fotoservice.fotojoker.pl\/blog\/wp-content\/uploads\/pierwszy-aparat-fotograficzny-3.jpg 756w, https:\/\/fotoservice.fotojoker.pl\/blog\/wp-content\/uploads\/pierwszy-aparat-fotograficzny-3-300x159.jpg 300w, https:\/\/fotoservice.fotojoker.pl\/blog\/wp-content\/uploads\/pierwszy-aparat-fotograficzny-3-730x386.jpg 730w, https:\/\/fotoservice.fotojoker.pl\/blog\/wp-content\/uploads\/pierwszy-aparat-fotograficzny-3-350x185.jpg 350w, https:\/\/fotoservice.fotojoker.pl\/blog\/wp-content\/uploads\/pierwszy-aparat-fotograficzny-3-514x272.jpg 514w\" sizes=\"(max-width: 756px) 100vw, 756px\" \/><\/p>\n<p>Dzi\u0119ki takiemu podej\u015bciu rzesze ludzi mog\u0142y rejestrowa\u0107 swoich bliskich i otoczenie. Aparat ten wyr\u00f3\u017cnia\u0142 si\u0119 stosunkowo kompaktow\u0105 konstrukcj\u0105 i prost\u0105 obs\u0142ug\u0105, co umo\u017cliwia\u0142o zajmowanie si\u0119 fotografi\u0105 nawet laikom. By\u0142a to prawdziwa rewolucja w por\u00f3wnaniu do wcze\u015bniejszych aparat\u00f3w, z kt\u00f3rych korzystali jedynie rzemie\u015blnicy lub zapaleni entuzja\u015bci. Ale z drugiej strony jak\u017ce poczciwy zaczyna wydawa\u0107 si\u0119 Kodak Brownie w por\u00f3wnaniu ze wsp\u00f3\u0142czesnym aparatem <a href=\"https:\/\/fotojoker.pl\/nikon-coolpix-w300-moro\">kompaktowym<\/a>, ma\u0142ym <a href=\"https:\/\/fotojoker.pl\/fujifilm-x100v-srebrny\">bezlusterkowcem<\/a> czy smartfonem\u2026<\/p>\n<p>&nbsp;<\/p>\n<p>&nbsp;<\/p>\n<div class=\"pntrst_main_before_after\"><\/div>","protected":false},"excerpt":{"rendered":"<p>Dzi\u015b \u017cyjemy w dobie wszechobecnych aparat\u00f3w fotograficznych. Niezale\u017cnie na jakim urz\u0105dzeniu czytasz ten tekst najpewniej masz wycelowany w swoim kierunku obiektyw &#8211; mini kamerki smartfona lub komputera. Nasza codzienno\u015b\u0107 dla naszych przodk\u00f3w jest zatem rodem z opowie\u015bci science fiction. A gdyby tak cofn\u0105\u0107 si\u0119 w czasie i odkry\u0107 pierwszy aparat fotograficzny na \u015bwiecie? Kto go [&hellip;]<\/p>\n","protected":false},"author":16,"featured_media":8628,"comment_status":"open","ping_status":"open","sticky":false,"template":"","format":"standard","meta":{"inline_featured_image":false,"spay_email":"","jetpack_publicize_message":"","jetpack_is_tweetstorm":false,"jetpack_publicize_feature_enabled":true},"categories":[172],"tags":[],"yoast_head":"<!-- This site is optimized with the Yoast SEO plugin v19.1 - https:\/\/yoast.com\/wordpress\/plugins\/seo\/ -->\n<title>Pierwszy aparat fotograficzny na \u015bwiecie - Blog FOTOJOKER.pl<\/title>\n<meta name=\"description\" content=\"A gdyby tak cofn\u0105\u0107 si\u0119 w czasie i odkry\u0107 pierwszy aparat fotograficzny na \u015bwiecie? Kto go stworzy\u0142? Jakie by\u0142y jego pocz\u0105tki?\" \/>\n<meta name=\"robots\" content=\"index, follow, max-snippet:-1, max-image-preview:large, max-video-preview:-1\" \/>\n<link rel=\"canonical\" href=\"https:\/\/fotojoker.pl\/blog\/pierwszy-aparat-fotograficzny-na-swiecie\/\" \/>\n<meta property=\"og:locale\" content=\"pl_PL\" \/>\n<meta property=\"og:type\" content=\"article\" \/>\n<meta property=\"og:title\" content=\"Pierwszy aparat fotograficzny na \u015bwiecie - Blog FOTOJOKER.pl\" \/>\n<meta property=\"og:description\" content=\"A gdyby tak cofn\u0105\u0107 si\u0119 w czasie i odkry\u0107 pierwszy aparat fotograficzny na \u015bwiecie? Kto go stworzy\u0142? Jakie by\u0142y jego pocz\u0105tki?\" \/>\n<meta property=\"og:url\" content=\"https:\/\/fotojoker.pl\/blog\/pierwszy-aparat-fotograficzny-na-swiecie\/\" \/>\n<meta property=\"og:site_name\" content=\"Blog FOTOJOKER.pl\" \/>\n<meta property=\"article:published_time\" content=\"2021-03-30T13:54:47+00:00\" \/>\n<meta property=\"og:image\" content=\"https:\/\/fotoservice.fotojoker.pl\/blog\/wp-content\/uploads\/pierwszy-aparat-fotograficzny-2.jpg\" \/>\n\t<meta property=\"og:image:width\" content=\"856\" \/>\n\t<meta property=\"og:image:height\" content=\"371\" \/>\n\t<meta property=\"og:image:type\" content=\"image\/jpeg\" \/>\n<meta name=\"twitter:card\" content=\"summary\" \/>\n<meta name=\"twitter:label1\" content=\"Napisane przez\" \/>\n\t<meta name=\"twitter:data1\" content=\"Katarzyna Kostrubiec\" \/>\n\t<meta name=\"twitter:label2\" content=\"Szacowany czas czytania\" \/>\n\t<meta name=\"twitter:data2\" content=\"4 minuty\" \/>\n<script type=\"application\/ld+json\" class=\"yoast-schema-graph\">{\"@context\":\"https:\/\/schema.org\",\"@graph\":[{\"@type\":\"WebSite\",\"@id\":\"https:\/\/fotojoker.pl\/blog\/#website\",\"url\":\"https:\/\/fotojoker.pl\/blog\/\",\"name\":\"Blog FOTOJOKER.pl\",\"description\":\"Blog fotograficzny - to i owo dla ka\u017cdego fana robienia zdj\u0119\u0107 i czego\u015b z tych zdj\u0119\u0107.\",\"potentialAction\":[{\"@type\":\"SearchAction\",\"target\":{\"@type\":\"EntryPoint\",\"urlTemplate\":\"https:\/\/fotojoker.pl\/blog\/?s={search_term_string}\"},\"query-input\":\"required name=search_term_string\"}],\"inLanguage\":\"pl-PL\"},{\"@type\":\"ImageObject\",\"inLanguage\":\"pl-PL\",\"@id\":\"https:\/\/fotojoker.pl\/blog\/pierwszy-aparat-fotograficzny-na-swiecie\/#primaryimage\",\"url\":\"https:\/\/fotoservice.fotojoker.pl\/blog\/wp-content\/uploads\/pierwszy-aparat-fotograficzny-2.jpg\",\"contentUrl\":\"https:\/\/fotoservice.fotojoker.pl\/blog\/wp-content\/uploads\/pierwszy-aparat-fotograficzny-2.jpg\",\"width\":856,\"height\":371,\"caption\":\"pierwszy aparat fotograficzny (3)\"},{\"@type\":\"WebPage\",\"@id\":\"https:\/\/fotojoker.pl\/blog\/pierwszy-aparat-fotograficzny-na-swiecie\/#webpage\",\"url\":\"https:\/\/fotojoker.pl\/blog\/pierwszy-aparat-fotograficzny-na-swiecie\/\",\"name\":\"Pierwszy aparat fotograficzny na \u015bwiecie - Blog FOTOJOKER.pl\",\"isPartOf\":{\"@id\":\"https:\/\/fotojoker.pl\/blog\/#website\"},\"primaryImageOfPage\":{\"@id\":\"https:\/\/fotojoker.pl\/blog\/pierwszy-aparat-fotograficzny-na-swiecie\/#primaryimage\"},\"datePublished\":\"2021-03-30T13:54:47+00:00\",\"dateModified\":\"2021-03-30T13:54:47+00:00\",\"author\":{\"@id\":\"https:\/\/fotojoker.pl\/blog\/#\/schema\/person\/482d2fd1eac2f1136c11f3bb27008a01\"},\"description\":\"A gdyby tak cofn\u0105\u0107 si\u0119 w czasie i odkry\u0107 pierwszy aparat fotograficzny na \u015bwiecie? Kto go stworzy\u0142? Jakie by\u0142y jego pocz\u0105tki?\",\"breadcrumb\":{\"@id\":\"https:\/\/fotojoker.pl\/blog\/pierwszy-aparat-fotograficzny-na-swiecie\/#breadcrumb\"},\"inLanguage\":\"pl-PL\",\"potentialAction\":[{\"@type\":\"ReadAction\",\"target\":[\"https:\/\/fotojoker.pl\/blog\/pierwszy-aparat-fotograficzny-na-swiecie\/\"]}]},{\"@type\":\"BreadcrumbList\",\"@id\":\"https:\/\/fotojoker.pl\/blog\/pierwszy-aparat-fotograficzny-na-swiecie\/#breadcrumb\",\"itemListElement\":[{\"@type\":\"ListItem\",\"position\":1,\"name\":\"Strona g\u0142\u00f3wna\",\"item\":\"https:\/\/fotojoker.pl\/blog\/\"},{\"@type\":\"ListItem\",\"position\":2,\"name\":\"Pierwszy aparat fotograficzny na \u015bwiecie\"}]},{\"@type\":\"Person\",\"@id\":\"https:\/\/fotojoker.pl\/blog\/#\/schema\/person\/482d2fd1eac2f1136c11f3bb27008a01\",\"name\":\"Katarzyna Kostrubiec\",\"image\":{\"@type\":\"ImageObject\",\"inLanguage\":\"pl-PL\",\"@id\":\"https:\/\/fotojoker.pl\/blog\/#\/schema\/person\/image\/\",\"url\":\"https:\/\/fotoservice.fotojoker.pl\/blog\/wp-content\/uploads\/pobrane-100x100.png\",\"contentUrl\":\"https:\/\/fotoservice.fotojoker.pl\/blog\/wp-content\/uploads\/pobrane-100x100.png\",\"caption\":\"Katarzyna Kostrubiec\"},\"url\":\"https:\/\/fotojoker.pl\/blog\/author\/kasia\/\"}]}<\/script>\n<!-- \/ Yoast SEO plugin. -->","yoast_head_json":{"title":"Pierwszy aparat fotograficzny na \u015bwiecie - Blog FOTOJOKER.pl","description":"A gdyby tak cofn\u0105\u0107 si\u0119 w czasie i odkry\u0107 pierwszy aparat fotograficzny na \u015bwiecie? Kto go stworzy\u0142? Jakie by\u0142y jego pocz\u0105tki?","robots":{"index":"index","follow":"follow","max-snippet":"max-snippet:-1","max-image-preview":"max-image-preview:large","max-video-preview":"max-video-preview:-1"},"canonical":"https:\/\/fotojoker.pl\/blog\/pierwszy-aparat-fotograficzny-na-swiecie\/","og_locale":"pl_PL","og_type":"article","og_title":"Pierwszy aparat fotograficzny na \u015bwiecie - Blog FOTOJOKER.pl","og_description":"A gdyby tak cofn\u0105\u0107 si\u0119 w czasie i odkry\u0107 pierwszy aparat fotograficzny na \u015bwiecie? Kto go stworzy\u0142? Jakie by\u0142y jego pocz\u0105tki?","og_url":"https:\/\/fotojoker.pl\/blog\/pierwszy-aparat-fotograficzny-na-swiecie\/","og_site_name":"Blog FOTOJOKER.pl","article_published_time":"2021-03-30T13:54:47+00:00","og_image":[{"width":856,"height":371,"url":"https:\/\/fotoservice.fotojoker.pl\/blog\/wp-content\/uploads\/pierwszy-aparat-fotograficzny-2.jpg","type":"image\/jpeg"}],"twitter_card":"summary","twitter_misc":{"Napisane przez":"Katarzyna Kostrubiec","Szacowany czas czytania":"4 minuty"},"schema":{"@context":"https:\/\/schema.org","@graph":[{"@type":"WebSite","@id":"https:\/\/fotojoker.pl\/blog\/#website","url":"https:\/\/fotojoker.pl\/blog\/","name":"Blog FOTOJOKER.pl","description":"Blog fotograficzny - to i owo dla ka\u017cdego fana robienia zdj\u0119\u0107 i czego\u015b z tych zdj\u0119\u0107.","potentialAction":[{"@type":"SearchAction","target":{"@type":"EntryPoint","urlTemplate":"https:\/\/fotojoker.pl\/blog\/?s={search_term_string}"},"query-input":"required name=search_term_string"}],"inLanguage":"pl-PL"},{"@type":"ImageObject","inLanguage":"pl-PL","@id":"https:\/\/fotojoker.pl\/blog\/pierwszy-aparat-fotograficzny-na-swiecie\/#primaryimage","url":"https:\/\/fotoservice.fotojoker.pl\/blog\/wp-content\/uploads\/pierwszy-aparat-fotograficzny-2.jpg","contentUrl":"https:\/\/fotoservice.fotojoker.pl\/blog\/wp-content\/uploads\/pierwszy-aparat-fotograficzny-2.jpg","width":856,"height":371,"caption":"pierwszy aparat fotograficzny (3)"},{"@type":"WebPage","@id":"https:\/\/fotojoker.pl\/blog\/pierwszy-aparat-fotograficzny-na-swiecie\/#webpage","url":"https:\/\/fotojoker.pl\/blog\/pierwszy-aparat-fotograficzny-na-swiecie\/","name":"Pierwszy aparat fotograficzny na \u015bwiecie - Blog FOTOJOKER.pl","isPartOf":{"@id":"https:\/\/fotojoker.pl\/blog\/#website"},"primaryImageOfPage":{"@id":"https:\/\/fotojoker.pl\/blog\/pierwszy-aparat-fotograficzny-na-swiecie\/#primaryimage"},"datePublished":"2021-03-30T13:54:47+00:00","dateModified":"2021-03-30T13:54:47+00:00","author":{"@id":"https:\/\/fotojoker.pl\/blog\/#\/schema\/person\/482d2fd1eac2f1136c11f3bb27008a01"},"description":"A gdyby tak cofn\u0105\u0107 si\u0119 w czasie i odkry\u0107 pierwszy aparat fotograficzny na \u015bwiecie? Kto go stworzy\u0142? Jakie by\u0142y jego pocz\u0105tki?","breadcrumb":{"@id":"https:\/\/fotojoker.pl\/blog\/pierwszy-aparat-fotograficzny-na-swiecie\/#breadcrumb"},"inLanguage":"pl-PL","potentialAction":[{"@type":"ReadAction","target":["https:\/\/fotojoker.pl\/blog\/pierwszy-aparat-fotograficzny-na-swiecie\/"]}]},{"@type":"BreadcrumbList","@id":"https:\/\/fotojoker.pl\/blog\/pierwszy-aparat-fotograficzny-na-swiecie\/#breadcrumb","itemListElement":[{"@type":"ListItem","position":1,"name":"Strona g\u0142\u00f3wna","item":"https:\/\/fotojoker.pl\/blog\/"},{"@type":"ListItem","position":2,"name":"Pierwszy aparat fotograficzny na \u015bwiecie"}]},{"@type":"Person","@id":"https:\/\/fotojoker.pl\/blog\/#\/schema\/person\/482d2fd1eac2f1136c11f3bb27008a01","name":"Katarzyna Kostrubiec","image":{"@type":"ImageObject","inLanguage":"pl-PL","@id":"https:\/\/fotojoker.pl\/blog\/#\/schema\/person\/image\/","url":"https:\/\/fotoservice.fotojoker.pl\/blog\/wp-content\/uploads\/pobrane-100x100.png","contentUrl":"https:\/\/fotoservice.fotojoker.pl\/blog\/wp-content\/uploads\/pobrane-100x100.png","caption":"Katarzyna Kostrubiec"},"url":"https:\/\/fotojoker.pl\/blog\/author\/kasia\/"}]}},"jetpack_featured_media_url":"https:\/\/fotoservice.fotojoker.pl\/blog\/wp-content\/uploads\/pierwszy-aparat-fotograficzny-2.jpg","jetpack_publicize_connections":[],"jetpack_sharing_enabled":true,"jetpack_shortlink":"https:\/\/wp.me\/p8cm9e-2f6","_links":{"self":[{"href":"https:\/\/fotojoker.pl\/blog\/wp-json\/wp\/v2\/posts\/8624"}],"collection":[{"href":"https:\/\/fotojoker.pl\/blog\/wp-json\/wp\/v2\/posts"}],"about":[{"href":"https:\/\/fotojoker.pl\/blog\/wp-json\/wp\/v2\/types\/post"}],"author":[{"embeddable":true,"href":"https:\/\/fotojoker.pl\/blog\/wp-json\/wp\/v2\/users\/16"}],"replies":[{"embeddable":true,"href":"https:\/\/fotojoker.pl\/blog\/wp-json\/wp\/v2\/comments?post=8624"}],"version-history":[{"count":1,"href":"https:\/\/fotojoker.pl\/blog\/wp-json\/wp\/v2\/posts\/8624\/revisions"}],"predecessor-version":[{"id":8629,"href":"https:\/\/fotojoker.pl\/blog\/wp-json\/wp\/v2\/posts\/8624\/revisions\/8629"}],"wp:featuredmedia":[{"embeddable":true,"href":"https:\/\/fotojoker.pl\/blog\/wp-json\/wp\/v2\/media\/8628"}],"wp:attachment":[{"href":"https:\/\/fotojoker.pl\/blog\/wp-json\/wp\/v2\/media?parent=8624"}],"wp:term":[{"taxonomy":"category","embeddable":true,"href":"https:\/\/fotojoker.pl\/blog\/wp-json\/wp\/v2\/categories?post=8624"},{"taxonomy":"post_tag","embeddable":true,"href":"https:\/\/fotojoker.pl\/blog\/wp-json\/wp\/v2\/tags?post=8624"}],"curies":[{"name":"wp","href":"https:\/\/api.w.org\/{rel}","templated":true}]}}