{"id":8695,"date":"2021-06-01T08:33:04","date_gmt":"2021-06-01T08:33:04","guid":{"rendered":"https:\/\/fotojoker.pl\/blog\/?p=8695"},"modified":"2021-06-01T08:33:04","modified_gmt":"2021-06-01T08:33:04","slug":"obiektyw-na-lato-jaki-wybrac","status":"publish","type":"post","link":"https:\/\/fotojoker.pl\/blog\/obiektyw-na-lato-jaki-wybrac\/","title":{"rendered":"Obiektyw na lato \u2013 jaki wybra\u0107?"},"content":{"rendered":"<div class=\"pntrst_main_before_after\"><\/div><p style=\"text-align: justify;\"><strong>Zbli\u017ca si\u0119 lato i okres wakacyjny, a wi\u0119c czas, gdy swobodnych moment\u00f3w, w kt\u00f3rych mo\u017cna chwyci\u0107 za aparat, b\u0119dzie jeszcze wi\u0119cej. Warto mie\u0107 wtedy przy sobie wydajnego bezlusterkowca lub ergonomiczn\u0105 lustrzank\u0119. Jednak\u017ce aparat to nie wszystko. Do tego przyda si\u0119 idealny obiektyw na lato. W szczeg\u00f3lno\u015bci taki, kt\u00f3ry poszerzy Twoje mo\u017cliwo\u015bci i pozwoli wykorzysta\u0107 wakacje, do odkrycia fotografii na nowo.<\/strong><\/p>\n<p style=\"text-align: justify;\"><!--more--><\/p>\n<p style=\"text-align: justify;\">Ka\u017cdy obiektyw daje w zale\u017cno\u015bci od swoich parametr\u00f3w przer\u00f3\u017cne mo\u017cliwo\u015bci. Szerokok\u0105tne obiektywy pozwalaj\u0105 na budowanie rozleg\u0142ych plan\u00f3w, gdzie \u015bwietnie skomponowane elementy obrazu wci\u0105gaj\u0105 widza i pozwalaj\u0105 kontemplowa\u0107 pejza\u017ce. Teleobiektywy wprowadzaj\u0105 ogl\u0105daj\u0105cych zdj\u0119cia w sam \u015brodek akcji, umo\u017cliwiaj\u0105c zbli\u017cenie si\u0119 do zwierz\u0105t czy dynamicznej akcji. Zanim jednak przejdziemy do om\u00f3wienia poszczeg\u00f3lnych typ\u00f3w obiektyw\u00f3w, podpowiadaj\u0105c przy tym, jak mog\u0105 zainspirowa\u0107 do fotografowania latem, warto dowiedzie\u0107 si\u0119, na co zwraca\u0107 uwag\u0119 przy wyborze wakacyjnego obiektywu &#8211; niezale\u017cnie od ogniskowej i innych parametr\u00f3w.<\/p>\n<div id=\"ez-toc-container\" class=\"ez-toc-v2_0_80 counter-hierarchy ez-toc-counter ez-toc-grey ez-toc-container-direction\">\n<div class=\"ez-toc-title-container\">\n<p class=\"ez-toc-title\" style=\"cursor:inherit\">Spis tre\u015bci<\/p>\n<span class=\"ez-toc-title-toggle\"><a href=\"#\" class=\"ez-toc-pull-right ez-toc-btn ez-toc-btn-xs ez-toc-btn-default ez-toc-toggle\" aria-label=\"Prze\u0142\u0105cznik Spisu Tre\u015bci\"><span class=\"ez-toc-js-icon-con\"><span class=\"\"><span class=\"eztoc-hide\" style=\"display:none;\">Toggle<\/span><span class=\"ez-toc-icon-toggle-span\"><svg style=\"fill: #999;color:#999\" xmlns=\"http:\/\/www.w3.org\/2000\/svg\" class=\"list-377408\" width=\"20px\" height=\"20px\" viewBox=\"0 0 24 24\" fill=\"none\"><path d=\"M6 6H4v2h2V6zm14 0H8v2h12V6zM4 11h2v2H4v-2zm16 0H8v2h12v-2zM4 16h2v2H4v-2zm16 0H8v2h12v-2z\" fill=\"currentColor\"><\/path><\/svg><svg style=\"fill: #999;color:#999\" class=\"arrow-unsorted-368013\" xmlns=\"http:\/\/www.w3.org\/2000\/svg\" width=\"10px\" height=\"10px\" viewBox=\"0 0 24 24\" version=\"1.2\" baseProfile=\"tiny\"><path d=\"M18.2 9.3l-6.2-6.3-6.2 6.3c-.2.2-.3.4-.3.7s.1.5.3.7c.2.2.4.3.7.3h11c.3 0 .5-.1.7-.3.2-.2.3-.5.3-.7s-.1-.5-.3-.7zM5.8 14.7l6.2 6.3 6.2-6.3c.2-.2.3-.5.3-.7s-.1-.5-.3-.7c-.2-.2-.4-.3-.7-.3h-11c-.3 0-.5.1-.7.3-.2.2-.3.5-.3.7s.1.5.3.7z\"\/><\/svg><\/span><\/span><\/span><\/a><\/span><\/div>\n<nav><ul class='ez-toc-list ez-toc-list-level-1 ' ><li class='ez-toc-page-1 ez-toc-heading-level-3'><a class=\"ez-toc-link ez-toc-heading-1\" href=\"https:\/\/fotojoker.pl\/blog\/obiektyw-na-lato-jaki-wybrac\/#Obiektyw_na_lato_z_uszczelniona_konstrukcja_%E2%80%93_idealny_towarzysz_wakacyjnych_wypraw\" >Obiektyw na lato z uszczelnion\u0105 konstrukcj\u0105 &#8211; idealny towarzysz wakacyjnych wypraw<\/a><\/li><li class='ez-toc-page-1 ez-toc-heading-level-3'><a class=\"ez-toc-link ez-toc-heading-2\" href=\"https:\/\/fotojoker.pl\/blog\/obiektyw-na-lato-jaki-wybrac\/#Powloka_oleo_i_hydrofobowa_%E2%80%93_co_to_jest\" >Pow\u0142oka oleo i hydrofobowa &#8211; co to jest?<\/a><\/li><li class='ez-toc-page-1 ez-toc-heading-level-3'><a class=\"ez-toc-link ez-toc-heading-3\" href=\"https:\/\/fotojoker.pl\/blog\/obiektyw-na-lato-jaki-wybrac\/#Makroobiektyw_%E2%80%93_lato_to_czas_na_przygode_w_mikro_swiecie\" >Makroobiektyw &#8211; lato to czas na przygod\u0119 w mikro \u015bwiecie<\/a><\/li><li class='ez-toc-page-1 ez-toc-heading-level-3'><a class=\"ez-toc-link ez-toc-heading-4\" href=\"https:\/\/fotojoker.pl\/blog\/obiektyw-na-lato-jaki-wybrac\/#Uniwersalne_spacer_zoomy_%E2%80%93_najlepszy_towarzysz_na_szlaku\" >Uniwersalne spacer zoomy &#8211; najlepszy towarzysz na szlaku<\/a><\/li><\/ul><\/nav><\/div>\n<h3 style=\"text-align: justify;\"><span class=\"ez-toc-section\" id=\"Obiektyw_na_lato_z_uszczelniona_konstrukcja_%E2%80%93_idealny_towarzysz_wakacyjnych_wypraw\"><\/span><strong>Obiektyw na lato z uszczelnion\u0105 konstrukcj\u0105 &#8211; idealny towarzysz wakacyjnych wypraw<\/strong><span class=\"ez-toc-section-end\"><\/span><\/h3>\n<p style=\"text-align: justify;\">Niezale\u017cnie od tego, na czym g\u0142\u00f3wnie chcesz skupi\u0107 si\u0119 podczas letnich sesji fotograficznych &#8211; krajobrazie, portrecie czy dzikiej naturze &#8211; to przyda Ci si\u0119 obiektyw o uszczelnionej i wzmocnionej konstrukcji. Latem pogoda kusi do tego, aby jak najwi\u0119cej przebywa\u0107 na zewn\u0105trz. Obiektyw o uszczelnionej konstrukcji, taki jak przyk\u0142adowo <a href=\"https:\/\/fotojoker.pl\/produkt\/olympus-mzuiko-12-40mm-f-28-czarny\">Olympus M.Zuiko Digital 12-40mm f\/2.8 PRO<\/a>, kt\u00f3ry jest odporny na dzia\u0142anie py\u0142u, kurzu i wilgoci poradzi sobie z wi\u0119kszo\u015bci\u0105 wakacyjnych wyzwa\u0144.<\/p>\n<p><img decoding=\"async\" loading=\"lazy\" class=\"alignnone size-full wp-image-8697\" src=\"https:\/\/fotojoker.pl\/blog\/wp-content\/uploads\/obiektyw-na-lato-2.jpg\" alt=\"obiektyw na lato (2)\" width=\"756\" height=\"400\" srcset=\"https:\/\/fotoservice.fotojoker.pl\/blog\/wp-content\/uploads\/obiektyw-na-lato-2.jpg 756w, https:\/\/fotoservice.fotojoker.pl\/blog\/wp-content\/uploads\/obiektyw-na-lato-2-300x159.jpg 300w, https:\/\/fotoservice.fotojoker.pl\/blog\/wp-content\/uploads\/obiektyw-na-lato-2-730x386.jpg 730w, https:\/\/fotoservice.fotojoker.pl\/blog\/wp-content\/uploads\/obiektyw-na-lato-2-350x185.jpg 350w, https:\/\/fotoservice.fotojoker.pl\/blog\/wp-content\/uploads\/obiektyw-na-lato-2-514x272.jpg 514w\" sizes=\"(max-width: 756px) 100vw, 756px\" \/><\/p>\n<p style=\"text-align: justify;\">Taki sprz\u0119t posiada szereg uszczelek, kt\u00f3re sprawiaj\u0105, \u017ce mo\u017cesz swobodnie fotografowa\u0107 podczas porannej rosy czy wykorzysta\u0107 ciekawe \u015bwiat\u0142o i t\u0119cze podczas letniego deszczu. To tak\u017ce mo\u017cliwo\u015b\u0107 swobodnego fotografowania na pla\u017cy czy w lesie. Zabierz go na szlak i skup si\u0119 na zdj\u0119ciach, czuj\u0105c spok\u00f3j, jaki daje uszczelniona konstrukcja obiektywu.<\/p>\n<h3 style=\"text-align: justify;\"><span class=\"ez-toc-section\" id=\"Powloka_oleo_i_hydrofobowa_%E2%80%93_co_to_jest\"><\/span><strong>Pow\u0142oka oleo i hydrofobowa &#8211; co to jest?<\/strong><span class=\"ez-toc-section-end\"><\/span><\/h3>\n<p style=\"text-align: justify;\">Inn\u0105 ciekaw\u0105 i przydatn\u0105 cech\u0105 obiektyw\u00f3w na lato jest pokrycie przedniej soczewki pow\u0142ok\u0105 o w\u0142a\u015bciwo\u015bciach hydro i oleofobowych. Przyk\u0142adem takiego sprz\u0119tu jest <a href=\"https:\/\/fotojoker.pl\/produkt\/sigma-35mm-f-14-a-hsm-dg-nikon\">Sigma A 35mm f\/1.4 HSM DG<\/a>. Taka pow\u0142oka ma w\u0142a\u015bciwo\u015bci utrudniaj\u0105ce przyleganie do przedniej soczewki t\u0142uszczu czy wilgoci. Dzi\u0119ki temu du\u017co \u0142atwiej jest utrzyma\u0107 w czysto\u015bci obiektyw.<\/p>\n<p style=\"text-align: justify;\">\u015awietnym sposobem na zapewnienie bezpiecze\u0144stwa obiektywom jest r\u00f3wnie\u017c zastosowanie <a href=\"https:\/\/fotojoker.pl\/produkt\/filtr-hoya-fusion-antistatic-uv-72mm?prod_fotojoker%5Bquery%5D=fusion%20Antistatic\">filtr\u00f3w<\/a>, kt\u00f3re chroni\u0105 przedni\u0105 soczewk\u0119 przed uszkodzeniem. Specjalna pow\u0142oka zastosowana w ich produkcji stanowi naturaln\u0105 barier\u0119 przed py\u0142kami, kroplami deszczu, kurzem i odciskami palc\u00f3w. Warto zabra\u0107 je ze sob\u0105 na wakacyjny wyjazd.<\/p>\n<p><img decoding=\"async\" loading=\"lazy\" class=\"alignnone size-full wp-image-8698\" src=\"https:\/\/fotojoker.pl\/blog\/wp-content\/uploads\/obiektyw-na-lato-3.jpg\" alt=\"obiektyw na lato (3)\" width=\"756\" height=\"400\" srcset=\"https:\/\/fotoservice.fotojoker.pl\/blog\/wp-content\/uploads\/obiektyw-na-lato-3.jpg 756w, https:\/\/fotoservice.fotojoker.pl\/blog\/wp-content\/uploads\/obiektyw-na-lato-3-300x159.jpg 300w, https:\/\/fotoservice.fotojoker.pl\/blog\/wp-content\/uploads\/obiektyw-na-lato-3-730x386.jpg 730w, https:\/\/fotoservice.fotojoker.pl\/blog\/wp-content\/uploads\/obiektyw-na-lato-3-350x185.jpg 350w, https:\/\/fotoservice.fotojoker.pl\/blog\/wp-content\/uploads\/obiektyw-na-lato-3-514x272.jpg 514w\" sizes=\"(max-width: 756px) 100vw, 756px\" \/><\/p>\n<p style=\"text-align: justify;\">Pow\u0142oka hydro i oleofobowa sprawdzi si\u0119 podczas fotografowania w bardzo wilgotnym \u015brodowisku &#8211; nad g\u00f3rskim potokiem, na pla\u017cy czy podczas nastrojowej porannej mg\u0142y. Utrudnione przywieranie t\u0142uszczu u\u0142atwia pozbywanie si\u0119 z przedniej soczewki \u015blad\u00f3w palc\u00f3w, co przyda przyk\u0142adowo podczas fotografowania dzieci. Ka\u017cdy, kto portretowa\u0142 milusi\u0144skich wie, \u017ce czasami ich ciekawo\u015b\u0107 zach\u0119ca do dotykania palcem sprz\u0119tu\u2026<\/p>\n<h3 style=\"text-align: justify;\"><span class=\"ez-toc-section\" id=\"Makroobiektyw_%E2%80%93_lato_to_czas_na_przygode_w_mikro_swiecie\"><\/span><strong>Makroobiektyw &#8211; lato to czas na przygod\u0119 w mikro \u015bwiecie<\/strong><span class=\"ez-toc-section-end\"><\/span><\/h3>\n<p style=\"text-align: justify;\">W okresie wakacyjnym warto poeksperymentowa\u0107 z nowymi gatunkami fotografii. Do takich fascynuj\u0105cych dziedzin, kt\u00f3rym w szczeg\u00f3lno\u015bci sprzyjaj\u0105 ciep\u0142e, d\u0142ugie dni jest makrofotografia. Chc\u0105c rozpocz\u0105\u0107 t\u0119 przygod\u0119, warto si\u0119gn\u0105\u0107 po \u015bwietny makro obiektyw.<\/p>\n<p style=\"text-align: justify;\">Wybieraj\u0105c makro obiektyw, warto zwr\u00f3ci\u0107 uwag\u0119 na to, jaka warto\u015b\u0107 widnieje przy parametrze skala odwzorowania. Wa\u017cne, aby obiektyw do makrofotografii cechowa\u0142 si\u0119 skal\u0105 odwzorowania 1:1 lub wi\u0119ksz\u0105. Dzi\u0119ki temu da prawdziwy wst\u0119p do fotografowania mikro \u015bwiata. Przyk\u0142adem takiego sprz\u0119tu jest <a href=\"https:\/\/fotojoker.pl\/produkt\/sigma-70-mm-dg-macro-canon\">Sigma A 70 mm<\/a>.<\/p>\n<p><img decoding=\"async\" loading=\"lazy\" class=\"alignnone size-full wp-image-8699\" src=\"https:\/\/fotojoker.pl\/blog\/wp-content\/uploads\/obiektyw-na-lato-4.jpg\" alt=\"macro\" width=\"756\" height=\"400\" srcset=\"https:\/\/fotoservice.fotojoker.pl\/blog\/wp-content\/uploads\/obiektyw-na-lato-4.jpg 756w, https:\/\/fotoservice.fotojoker.pl\/blog\/wp-content\/uploads\/obiektyw-na-lato-4-300x159.jpg 300w, https:\/\/fotoservice.fotojoker.pl\/blog\/wp-content\/uploads\/obiektyw-na-lato-4-730x386.jpg 730w, https:\/\/fotoservice.fotojoker.pl\/blog\/wp-content\/uploads\/obiektyw-na-lato-4-350x185.jpg 350w, https:\/\/fotoservice.fotojoker.pl\/blog\/wp-content\/uploads\/obiektyw-na-lato-4-514x272.jpg 514w\" sizes=\"(max-width: 756px) 100vw, 756px\" \/><\/p>\n<p style=\"text-align: justify;\"><strong>Wi\u0119cej na temat skali powi\u0119kszenia znajdziesz poni\u017cej:<\/strong><\/p>\n<p style=\"text-align: justify;\"><a href=\"https:\/\/fotojoker.pl\/blog\/przewodnik-po-obiektywach\/\">Przewodnik po obiektywach<\/a><\/p>\n<p style=\"text-align: justify;\">Poza obiektywami stricte do makrofotografii, kt\u00f3re zapewniaj\u0105 powi\u0119kszenie 1:1, b\u0105d\u017a wi\u0119ksze, istnieje grupa szkie\u0142, kt\u00f3re oznaczone s\u0105 jako z funkcj\u0105 makro, ale oferuj\u0105 mniejsz\u0105 skal\u0119 odwzorowania. Takie instrumenty optyczne daj\u0105 dost\u0119p do fotografii zbli\u017ceniowej. Jest to co prawda \u201eprzedsionek\u201d fotografii makro, ale warto mie\u0107 na uwadze tego typu obiektywy. G\u0142\u00f3wnie dlatego, \u017ce s\u0105 to najcz\u0119\u015bciej bardzo uniwersalne, zmiennoogniskowe obiektywy, a funkcja makro jest tylko dodatkiem. Dzi\u0119ki temu je\u015bli chcesz tylko spr\u00f3bowa\u0107 swoich si\u0142 z fotografowaniem \u015bwiata mikro, a niekoniecznie w pe\u0142ni po\u015bwi\u0119ca\u0107 si\u0119 tej dziedzinie, to taki obiektyw jest \u015bwietn\u0105 alternatyw\u0105. Przyk\u0142adem takiego sprz\u0119tu jest <a href=\"https:\/\/fotojoker.pl\/tamron-70-300mm-f-4-56-di-ld-macro-1-2-canon\">Tamron 70-300mm f\/4-5.6 Di LD Macro 1:2<\/a>.<\/p>\n<h3 style=\"text-align: justify;\"><span class=\"ez-toc-section\" id=\"Uniwersalne_spacer_zoomy_%E2%80%93_najlepszy_towarzysz_na_szlaku\"><\/span><strong>Uniwersalne spacer zoomy &#8211; najlepszy towarzysz na szlaku<\/strong><span class=\"ez-toc-section-end\"><\/span><\/h3>\n<p style=\"text-align: justify;\">Mianem spacer zoom\u00f3w okre\u015bla si\u0119 uniwersalne obiektywy o bardzo du\u017cym zakresie ogniskowych. Nale\u017c\u0105 do nich przyk\u0142adowo <a href=\"https:\/\/fotojoker.pl\/produkt\/canon-ef-s-18-135mm-f35-56-is-usm-nano\">Canon EF-S 18-135mm f3.5-5.6 IS USM Nano<\/a>, <a href=\"https:\/\/fotojoker.pl\/produkt\/obiektyw-tamron-18-400-f3-5--5-6-nikon\">Tamron 18-400mm F3.5-6.3 Di II VC HLD<\/a> czy <a href=\"https:\/\/fotojoker.pl\/produkt\/tamron-18-200mm-f-35-63-di-ii-vc-canon-czarny\">Tamron 18-200mm f\/3.5-6.3 Di II VC<\/a>. \u0141\u0105cz\u0105 one w sobie zar\u00f3wno obiektywy szerokok\u0105tne, jak i tele. Dzi\u0119ki temu w jednym sprz\u0119cie mo\u017cesz zabra\u0107 ze sob\u0105 ca\u0142y arsena\u0142 ogniskowych.<\/p>\n<p><img decoding=\"async\" loading=\"lazy\" class=\"alignnone size-full wp-image-8700\" src=\"https:\/\/fotojoker.pl\/blog\/wp-content\/uploads\/obiektyw-na-lato-5.jpg\" alt=\"architektura\" width=\"756\" height=\"400\" srcset=\"https:\/\/fotoservice.fotojoker.pl\/blog\/wp-content\/uploads\/obiektyw-na-lato-5.jpg 756w, https:\/\/fotoservice.fotojoker.pl\/blog\/wp-content\/uploads\/obiektyw-na-lato-5-300x159.jpg 300w, https:\/\/fotoservice.fotojoker.pl\/blog\/wp-content\/uploads\/obiektyw-na-lato-5-730x386.jpg 730w, https:\/\/fotoservice.fotojoker.pl\/blog\/wp-content\/uploads\/obiektyw-na-lato-5-350x185.jpg 350w, https:\/\/fotoservice.fotojoker.pl\/blog\/wp-content\/uploads\/obiektyw-na-lato-5-514x272.jpg 514w\" sizes=\"(max-width: 756px) 100vw, 756px\" \/><\/p>\n<p style=\"text-align: justify;\">Na szlaku czy podczas zwiedzania miasta cz\u0119sto zdarza si\u0119 fotografowa\u0107 zar\u00f3wno szerokie plany i pi\u0119kn\u0105 architektur\u0119, jak i dostrze\u017cone na drzewach ptaki czy detale budowli. W takich sytuacjach szybka zmiana ogniskowej na niemal dowoln\u0105 stanie si\u0119 niezast\u0105piona. W szczeg\u00f3lno\u015bci, \u017ce wi\u0119kszo\u015b\u0107 tego typu superzoom\u00f3w posiada stosunkowo kompaktow\u0105 konstrukcj\u0119, tak wi\u0119c zapewniaj\u0105 komfort nawet w ci\u0105gu ca\u0142odziennych spacer\u00f3w.<\/p>\n<p style=\"text-align: justify;\">\n<div class=\"pntrst_main_before_after\"><\/div>","protected":false},"excerpt":{"rendered":"<p>Zbli\u017ca si\u0119 lato i okres wakacyjny, a wi\u0119c czas, gdy swobodnych moment\u00f3w, w kt\u00f3rych mo\u017cna chwyci\u0107 za aparat, b\u0119dzie jeszcze wi\u0119cej. Warto mie\u0107 wtedy przy sobie wydajnego bezlusterkowca lub ergonomiczn\u0105 lustrzank\u0119. Jednak\u017ce aparat to nie wszystko. Do tego przyda si\u0119 idealny obiektyw na lato. W szczeg\u00f3lno\u015bci taki, kt\u00f3ry poszerzy Twoje mo\u017cliwo\u015bci i pozwoli wykorzysta\u0107 wakacje, [&hellip;]<\/p>\n","protected":false},"author":16,"featured_media":8696,"comment_status":"open","ping_status":"open","sticky":false,"template":"","format":"standard","meta":{"inline_featured_image":false,"spay_email":"","jetpack_publicize_message":"","jetpack_is_tweetstorm":false,"jetpack_publicize_feature_enabled":true},"categories":[4],"tags":[],"yoast_head":"<!-- This site is optimized with the Yoast SEO plugin v19.1 - https:\/\/yoast.com\/wordpress\/plugins\/seo\/ -->\n<title>Obiektyw na lato \u2013 jaki wybra\u0107? - Blog FOTOJOKER.pl<\/title>\n<meta name=\"description\" content=\"Wakacje coraz bli\u017cej. Wraz z nimi przyjdzie wiele moment\u00f3w do stworzenia pi\u0119knych zdj\u0119\u0107. Pomo\u017ce Ci w tym idealny obiektyw na lato.\" \/>\n<meta name=\"robots\" content=\"index, follow, max-snippet:-1, max-image-preview:large, max-video-preview:-1\" \/>\n<link rel=\"canonical\" href=\"https:\/\/fotojoker.pl\/blog\/obiektyw-na-lato-jaki-wybrac\/\" \/>\n<meta property=\"og:locale\" content=\"pl_PL\" \/>\n<meta property=\"og:type\" content=\"article\" \/>\n<meta property=\"og:title\" content=\"Obiektyw na lato \u2013 jaki wybra\u0107? - Blog FOTOJOKER.pl\" \/>\n<meta property=\"og:description\" content=\"Wakacje coraz bli\u017cej. Wraz z nimi przyjdzie wiele moment\u00f3w do stworzenia pi\u0119knych zdj\u0119\u0107. Pomo\u017ce Ci w tym idealny obiektyw na lato.\" \/>\n<meta property=\"og:url\" content=\"https:\/\/fotojoker.pl\/blog\/obiektyw-na-lato-jaki-wybrac\/\" \/>\n<meta property=\"og:site_name\" content=\"Blog FOTOJOKER.pl\" \/>\n<meta property=\"article:published_time\" content=\"2021-06-01T08:33:04+00:00\" \/>\n<meta property=\"og:image\" content=\"https:\/\/fotoservice.fotojoker.pl\/blog\/wp-content\/uploads\/obiektyw-na-lato-1.jpg\" \/>\n\t<meta property=\"og:image:width\" content=\"856\" \/>\n\t<meta property=\"og:image:height\" content=\"371\" \/>\n\t<meta property=\"og:image:type\" content=\"image\/jpeg\" \/>\n<meta name=\"twitter:card\" content=\"summary\" \/>\n<meta name=\"twitter:label1\" content=\"Napisane przez\" \/>\n\t<meta name=\"twitter:data1\" content=\"Katarzyna Kostrubiec\" \/>\n\t<meta name=\"twitter:label2\" content=\"Szacowany czas czytania\" \/>\n\t<meta name=\"twitter:data2\" content=\"5 minut\" \/>\n<script type=\"application\/ld+json\" class=\"yoast-schema-graph\">{\"@context\":\"https:\/\/schema.org\",\"@graph\":[{\"@type\":\"WebSite\",\"@id\":\"https:\/\/fotojoker.pl\/blog\/#website\",\"url\":\"https:\/\/fotojoker.pl\/blog\/\",\"name\":\"Blog FOTOJOKER.pl\",\"description\":\"Blog fotograficzny - to i owo dla ka\u017cdego fana robienia zdj\u0119\u0107 i czego\u015b z tych zdj\u0119\u0107.\",\"potentialAction\":[{\"@type\":\"SearchAction\",\"target\":{\"@type\":\"EntryPoint\",\"urlTemplate\":\"https:\/\/fotojoker.pl\/blog\/?s={search_term_string}\"},\"query-input\":\"required name=search_term_string\"}],\"inLanguage\":\"pl-PL\"},{\"@type\":\"ImageObject\",\"inLanguage\":\"pl-PL\",\"@id\":\"https:\/\/fotojoker.pl\/blog\/obiektyw-na-lato-jaki-wybrac\/#primaryimage\",\"url\":\"https:\/\/fotoservice.fotojoker.pl\/blog\/wp-content\/uploads\/obiektyw-na-lato-1.jpg\",\"contentUrl\":\"https:\/\/fotoservice.fotojoker.pl\/blog\/wp-content\/uploads\/obiektyw-na-lato-1.jpg\",\"width\":856,\"height\":371,\"caption\":\"obiektyw na lato (1)\"},{\"@type\":\"WebPage\",\"@id\":\"https:\/\/fotojoker.pl\/blog\/obiektyw-na-lato-jaki-wybrac\/#webpage\",\"url\":\"https:\/\/fotojoker.pl\/blog\/obiektyw-na-lato-jaki-wybrac\/\",\"name\":\"Obiektyw na lato \u2013 jaki wybra\u0107? - Blog FOTOJOKER.pl\",\"isPartOf\":{\"@id\":\"https:\/\/fotojoker.pl\/blog\/#website\"},\"primaryImageOfPage\":{\"@id\":\"https:\/\/fotojoker.pl\/blog\/obiektyw-na-lato-jaki-wybrac\/#primaryimage\"},\"datePublished\":\"2021-06-01T08:33:04+00:00\",\"dateModified\":\"2021-06-01T08:33:04+00:00\",\"author\":{\"@id\":\"https:\/\/fotojoker.pl\/blog\/#\/schema\/person\/482d2fd1eac2f1136c11f3bb27008a01\"},\"description\":\"Wakacje coraz bli\u017cej. Wraz z nimi przyjdzie wiele moment\u00f3w do stworzenia pi\u0119knych zdj\u0119\u0107. Pomo\u017ce Ci w tym idealny obiektyw na lato.\",\"breadcrumb\":{\"@id\":\"https:\/\/fotojoker.pl\/blog\/obiektyw-na-lato-jaki-wybrac\/#breadcrumb\"},\"inLanguage\":\"pl-PL\",\"potentialAction\":[{\"@type\":\"ReadAction\",\"target\":[\"https:\/\/fotojoker.pl\/blog\/obiektyw-na-lato-jaki-wybrac\/\"]}]},{\"@type\":\"BreadcrumbList\",\"@id\":\"https:\/\/fotojoker.pl\/blog\/obiektyw-na-lato-jaki-wybrac\/#breadcrumb\",\"itemListElement\":[{\"@type\":\"ListItem\",\"position\":1,\"name\":\"Strona g\u0142\u00f3wna\",\"item\":\"https:\/\/fotojoker.pl\/blog\/\"},{\"@type\":\"ListItem\",\"position\":2,\"name\":\"Obiektyw na lato \u2013 jaki wybra\u0107?\"}]},{\"@type\":\"Person\",\"@id\":\"https:\/\/fotojoker.pl\/blog\/#\/schema\/person\/482d2fd1eac2f1136c11f3bb27008a01\",\"name\":\"Katarzyna Kostrubiec\",\"image\":{\"@type\":\"ImageObject\",\"inLanguage\":\"pl-PL\",\"@id\":\"https:\/\/fotojoker.pl\/blog\/#\/schema\/person\/image\/\",\"url\":\"https:\/\/fotoservice.fotojoker.pl\/blog\/wp-content\/uploads\/pobrane-100x100.png\",\"contentUrl\":\"https:\/\/fotoservice.fotojoker.pl\/blog\/wp-content\/uploads\/pobrane-100x100.png\",\"caption\":\"Katarzyna Kostrubiec\"},\"url\":\"https:\/\/fotojoker.pl\/blog\/author\/kasia\/\"}]}<\/script>\n<!-- \/ Yoast SEO plugin. -->","yoast_head_json":{"title":"Obiektyw na lato \u2013 jaki wybra\u0107? - Blog FOTOJOKER.pl","description":"Wakacje coraz bli\u017cej. Wraz z nimi przyjdzie wiele moment\u00f3w do stworzenia pi\u0119knych zdj\u0119\u0107. Pomo\u017ce Ci w tym idealny obiektyw na lato.","robots":{"index":"index","follow":"follow","max-snippet":"max-snippet:-1","max-image-preview":"max-image-preview:large","max-video-preview":"max-video-preview:-1"},"canonical":"https:\/\/fotojoker.pl\/blog\/obiektyw-na-lato-jaki-wybrac\/","og_locale":"pl_PL","og_type":"article","og_title":"Obiektyw na lato \u2013 jaki wybra\u0107? - Blog FOTOJOKER.pl","og_description":"Wakacje coraz bli\u017cej. Wraz z nimi przyjdzie wiele moment\u00f3w do stworzenia pi\u0119knych zdj\u0119\u0107. Pomo\u017ce Ci w tym idealny obiektyw na lato.","og_url":"https:\/\/fotojoker.pl\/blog\/obiektyw-na-lato-jaki-wybrac\/","og_site_name":"Blog FOTOJOKER.pl","article_published_time":"2021-06-01T08:33:04+00:00","og_image":[{"width":856,"height":371,"url":"https:\/\/fotoservice.fotojoker.pl\/blog\/wp-content\/uploads\/obiektyw-na-lato-1.jpg","type":"image\/jpeg"}],"twitter_card":"summary","twitter_misc":{"Napisane przez":"Katarzyna Kostrubiec","Szacowany czas czytania":"5 minut"},"schema":{"@context":"https:\/\/schema.org","@graph":[{"@type":"WebSite","@id":"https:\/\/fotojoker.pl\/blog\/#website","url":"https:\/\/fotojoker.pl\/blog\/","name":"Blog FOTOJOKER.pl","description":"Blog fotograficzny - to i owo dla ka\u017cdego fana robienia zdj\u0119\u0107 i czego\u015b z tych zdj\u0119\u0107.","potentialAction":[{"@type":"SearchAction","target":{"@type":"EntryPoint","urlTemplate":"https:\/\/fotojoker.pl\/blog\/?s={search_term_string}"},"query-input":"required name=search_term_string"}],"inLanguage":"pl-PL"},{"@type":"ImageObject","inLanguage":"pl-PL","@id":"https:\/\/fotojoker.pl\/blog\/obiektyw-na-lato-jaki-wybrac\/#primaryimage","url":"https:\/\/fotoservice.fotojoker.pl\/blog\/wp-content\/uploads\/obiektyw-na-lato-1.jpg","contentUrl":"https:\/\/fotoservice.fotojoker.pl\/blog\/wp-content\/uploads\/obiektyw-na-lato-1.jpg","width":856,"height":371,"caption":"obiektyw na lato (1)"},{"@type":"WebPage","@id":"https:\/\/fotojoker.pl\/blog\/obiektyw-na-lato-jaki-wybrac\/#webpage","url":"https:\/\/fotojoker.pl\/blog\/obiektyw-na-lato-jaki-wybrac\/","name":"Obiektyw na lato \u2013 jaki wybra\u0107? - Blog FOTOJOKER.pl","isPartOf":{"@id":"https:\/\/fotojoker.pl\/blog\/#website"},"primaryImageOfPage":{"@id":"https:\/\/fotojoker.pl\/blog\/obiektyw-na-lato-jaki-wybrac\/#primaryimage"},"datePublished":"2021-06-01T08:33:04+00:00","dateModified":"2021-06-01T08:33:04+00:00","author":{"@id":"https:\/\/fotojoker.pl\/blog\/#\/schema\/person\/482d2fd1eac2f1136c11f3bb27008a01"},"description":"Wakacje coraz bli\u017cej. Wraz z nimi przyjdzie wiele moment\u00f3w do stworzenia pi\u0119knych zdj\u0119\u0107. Pomo\u017ce Ci w tym idealny obiektyw na lato.","breadcrumb":{"@id":"https:\/\/fotojoker.pl\/blog\/obiektyw-na-lato-jaki-wybrac\/#breadcrumb"},"inLanguage":"pl-PL","potentialAction":[{"@type":"ReadAction","target":["https:\/\/fotojoker.pl\/blog\/obiektyw-na-lato-jaki-wybrac\/"]}]},{"@type":"BreadcrumbList","@id":"https:\/\/fotojoker.pl\/blog\/obiektyw-na-lato-jaki-wybrac\/#breadcrumb","itemListElement":[{"@type":"ListItem","position":1,"name":"Strona g\u0142\u00f3wna","item":"https:\/\/fotojoker.pl\/blog\/"},{"@type":"ListItem","position":2,"name":"Obiektyw na lato \u2013 jaki wybra\u0107?"}]},{"@type":"Person","@id":"https:\/\/fotojoker.pl\/blog\/#\/schema\/person\/482d2fd1eac2f1136c11f3bb27008a01","name":"Katarzyna Kostrubiec","image":{"@type":"ImageObject","inLanguage":"pl-PL","@id":"https:\/\/fotojoker.pl\/blog\/#\/schema\/person\/image\/","url":"https:\/\/fotoservice.fotojoker.pl\/blog\/wp-content\/uploads\/pobrane-100x100.png","contentUrl":"https:\/\/fotoservice.fotojoker.pl\/blog\/wp-content\/uploads\/pobrane-100x100.png","caption":"Katarzyna Kostrubiec"},"url":"https:\/\/fotojoker.pl\/blog\/author\/kasia\/"}]}},"jetpack_featured_media_url":"https:\/\/fotoservice.fotojoker.pl\/blog\/wp-content\/uploads\/obiektyw-na-lato-1.jpg","jetpack_publicize_connections":[],"jetpack_sharing_enabled":true,"jetpack_shortlink":"https:\/\/wp.me\/p8cm9e-2gf","_links":{"self":[{"href":"https:\/\/fotojoker.pl\/blog\/wp-json\/wp\/v2\/posts\/8695"}],"collection":[{"href":"https:\/\/fotojoker.pl\/blog\/wp-json\/wp\/v2\/posts"}],"about":[{"href":"https:\/\/fotojoker.pl\/blog\/wp-json\/wp\/v2\/types\/post"}],"author":[{"embeddable":true,"href":"https:\/\/fotojoker.pl\/blog\/wp-json\/wp\/v2\/users\/16"}],"replies":[{"embeddable":true,"href":"https:\/\/fotojoker.pl\/blog\/wp-json\/wp\/v2\/comments?post=8695"}],"version-history":[{"count":1,"href":"https:\/\/fotojoker.pl\/blog\/wp-json\/wp\/v2\/posts\/8695\/revisions"}],"predecessor-version":[{"id":8701,"href":"https:\/\/fotojoker.pl\/blog\/wp-json\/wp\/v2\/posts\/8695\/revisions\/8701"}],"wp:featuredmedia":[{"embeddable":true,"href":"https:\/\/fotojoker.pl\/blog\/wp-json\/wp\/v2\/media\/8696"}],"wp:attachment":[{"href":"https:\/\/fotojoker.pl\/blog\/wp-json\/wp\/v2\/media?parent=8695"}],"wp:term":[{"taxonomy":"category","embeddable":true,"href":"https:\/\/fotojoker.pl\/blog\/wp-json\/wp\/v2\/categories?post=8695"},{"taxonomy":"post_tag","embeddable":true,"href":"https:\/\/fotojoker.pl\/blog\/wp-json\/wp\/v2\/tags?post=8695"}],"curies":[{"name":"wp","href":"https:\/\/api.w.org\/{rel}","templated":true}]}}