{"id":9896,"date":"2026-03-13T08:45:26","date_gmt":"2026-03-13T08:45:26","guid":{"rendered":"https:\/\/fotojoker.pl\/blog\/?p=9896"},"modified":"2026-03-20T09:04:10","modified_gmt":"2026-03-20T09:04:10","slug":"warsztaty-fotograficzne-photo-day","status":"publish","type":"post","link":"https:\/\/fotojoker.pl\/blog\/warsztaty-fotograficzne-photo-day\/","title":{"rendered":"Warsztaty fotograficzne Photo Day &#8211; fotografia sportowa &#8211; relacja z wydarzenia i test\u00f3w sprz\u0119tu Sony"},"content":{"rendered":"<div class=\"pntrst_main_before_after\"><\/div><div id=\"ez-toc-container\" class=\"ez-toc-v2_0_80 counter-hierarchy ez-toc-counter ez-toc-grey ez-toc-container-direction\">\n<div class=\"ez-toc-title-container\">\n<p class=\"ez-toc-title\" style=\"cursor:inherit\">Spis tre\u015bci<\/p>\n<span class=\"ez-toc-title-toggle\"><a href=\"#\" class=\"ez-toc-pull-right ez-toc-btn ez-toc-btn-xs ez-toc-btn-default ez-toc-toggle\" aria-label=\"Prze\u0142\u0105cznik Spisu Tre\u015bci\"><span class=\"ez-toc-js-icon-con\"><span class=\"\"><span class=\"eztoc-hide\" style=\"display:none;\">Toggle<\/span><span class=\"ez-toc-icon-toggle-span\"><svg style=\"fill: #999;color:#999\" xmlns=\"http:\/\/www.w3.org\/2000\/svg\" class=\"list-377408\" width=\"20px\" height=\"20px\" viewBox=\"0 0 24 24\" fill=\"none\"><path d=\"M6 6H4v2h2V6zm14 0H8v2h12V6zM4 11h2v2H4v-2zm16 0H8v2h12v-2zM4 16h2v2H4v-2zm16 0H8v2h12v-2z\" fill=\"currentColor\"><\/path><\/svg><svg style=\"fill: #999;color:#999\" class=\"arrow-unsorted-368013\" xmlns=\"http:\/\/www.w3.org\/2000\/svg\" width=\"10px\" height=\"10px\" viewBox=\"0 0 24 24\" version=\"1.2\" baseProfile=\"tiny\"><path d=\"M18.2 9.3l-6.2-6.3-6.2 6.3c-.2.2-.3.4-.3.7s.1.5.3.7c.2.2.4.3.7.3h11c.3 0 .5-.1.7-.3.2-.2.3-.5.3-.7s-.1-.5-.3-.7zM5.8 14.7l6.2 6.3 6.2-6.3c.2-.2.3-.5.3-.7s-.1-.5-.3-.7c-.2-.2-.4-.3-.7-.3h-11c-.3 0-.5.1-.7.3-.2.2-.3.5-.3.7s.1.5.3.7z\"\/><\/svg><\/span><\/span><\/span><\/a><\/span><\/div>\n<nav><ul class='ez-toc-list ez-toc-list-level-1 ' ><li class='ez-toc-page-1 ez-toc-heading-level-2'><a class=\"ez-toc-link ez-toc-heading-1\" href=\"https:\/\/fotojoker.pl\/blog\/warsztaty-fotograficzne-photo-day\/#Warsztaty_fotograficzne_z_fotografii_sportowej_Photo_Day_%E2%80%93_relacja_z_wydarzenia\" >Warsztaty fotograficzne z fotografii sportowej Photo Day &#8211; relacja z wydarzenia<\/a><\/li><li class='ez-toc-page-1 ez-toc-heading-level-2'><a class=\"ez-toc-link ez-toc-heading-2\" href=\"https:\/\/fotojoker.pl\/blog\/warsztaty-fotograficzne-photo-day\/#Wiedza_od_praktyka_%E2%80%93_spotkanie_z_Tomaszem_Markowskim\" >Wiedza od praktyka &#8211; spotkanie z Tomaszem Markowskim<\/a><\/li><li class='ez-toc-page-1 ez-toc-heading-level-2'><a class=\"ez-toc-link ez-toc-heading-3\" href=\"https:\/\/fotojoker.pl\/blog\/warsztaty-fotograficzne-photo-day\/#Sprzet_i_technologia_%E2%80%93_prezentacja_eksperta_Sony\" >Sprz\u0119t i technologia &#8211; prezentacja eksperta Sony<\/a><\/li><li class='ez-toc-page-1 ez-toc-heading-level-2'><a class=\"ez-toc-link ez-toc-heading-4\" href=\"https:\/\/fotojoker.pl\/blog\/warsztaty-fotograficzne-photo-day\/#Testy_profesjonalnego_sprzetu_fotograficznego_Sony\" >Testy profesjonalnego sprz\u0119tu fotograficznego Sony<\/a><\/li><li class='ez-toc-page-1 ez-toc-heading-level-2'><a class=\"ez-toc-link ez-toc-heading-5\" href=\"https:\/\/fotojoker.pl\/blog\/warsztaty-fotograficzne-photo-day\/#Praktyka_podczas_treningu_siatkarskiego\" >Praktyka podczas treningu siatkarskiego<\/a><\/li><li class='ez-toc-page-1 ez-toc-heading-level-2'><a class=\"ez-toc-link ez-toc-heading-6\" href=\"https:\/\/fotojoker.pl\/blog\/warsztaty-fotograficzne-photo-day\/#Jak_fotografowac_sport_%E2%80%93_najwazniejsze_wskazowki\" >Jak fotografowa\u0107 sport &#8211; najwa\u017cniejsze wskaz\u00f3wki<\/a><\/li><li class='ez-toc-page-1 ez-toc-heading-level-2'><a class=\"ez-toc-link ez-toc-heading-7\" href=\"https:\/\/fotojoker.pl\/blog\/warsztaty-fotograficzne-photo-day\/#Warsztaty_fotograficzne_%E2%80%93_Dlaczego_warto_uczestniczyc\" >Warsztaty fotograficzne &#8211; Dlaczego warto uczestniczy\u0107?<\/a><\/li><\/ul><\/nav><\/div>\n<h2><span class=\"ez-toc-section\" id=\"Warsztaty_fotograficzne_z_fotografii_sportowej_Photo_Day_%E2%80%93_relacja_z_wydarzenia\"><\/span><strong>Warsztaty fotograficzne z fotografii sportowej Photo Day &#8211; relacja z wydarzenia<\/strong><span class=\"ez-toc-section-end\"><\/span><\/h2>\n<p>Fotografia sportowa to jedna z najbardziej wymagaj\u0105cych dziedzin fotografii. Wymaga refleksu, umiej\u0119tno\u015bci przewidywania akcji oraz doskona\u0142ej znajomo\u015bci sprz\u0119tu. W\u0142a\u015bnie tym zagadnieniom po\u015bwi\u0119cone by\u0142y warsztaty Photo Day, kt\u00f3re odby\u0142y si\u0119 w Hali Sportowej \u201eAzoty\u201d w K\u0119dzierzynie-Ko\u017alu. Wydarzenie zosta\u0142o przygotowane we wsp\u00f3\u0142pracy z CEWE, Sony oraz ZAKSA K\u0119dzierzyn-Ko\u017ale.<br \/>\n<!--more--><br \/>\nWarsztaty zgromadzi\u0142y pasjonat\u00f3w fotografii z ca\u0142ej Polski &#8211; zar\u00f3wno osoby rozwijaj\u0105ce swoje umiej\u0119tno\u015bci, jak i bardziej zaawansowanych fotograf\u00f3w chc\u0105cych sprawdzi\u0107 mo\u017cliwo\u015bci najnowszego sprz\u0119tu. Spotkanie zosta\u0142o podzielone na cz\u0119\u015b\u0107 teoretyczn\u0105, technologiczn\u0105 oraz praktyczn\u0105, podczas kt\u00f3rej uczestnicy fotografowali trening zawodnik\u00f3w ZAKSA K\u0119dzierzyn-Ko\u017ale.<\/p>\n<p><img decoding=\"async\" loading=\"lazy\" class=\"size-full wp-image-9900 aligncenter\" src=\"https:\/\/fotoservice.fotojoker.pl\/blog\/wp-content\/uploads\/MKO-11774_Art_141_grafiki_txt_3.jpg\" alt=\"\" width=\"2238\" height=\"915\" \/> <img decoding=\"async\" loading=\"lazy\" class=\"size-full wp-image-9899 aligncenter\" src=\"https:\/\/fotoservice.fotojoker.pl\/blog\/wp-content\/uploads\/MKO-11774_Art_141_grafiki_txt_2.jpg\" alt=\"\" width=\"2238\" height=\"915\" \/><\/p>\n<h2><span class=\"ez-toc-section\" id=\"Wiedza_od_praktyka_%E2%80%93_spotkanie_z_Tomaszem_Markowskim\"><\/span><strong>Wiedza od praktyka &#8211; spotkanie z Tomaszem Markowskim<\/strong><span class=\"ez-toc-section-end\"><\/span><\/h2>\n<p>Cz\u0119\u015b\u0107 merytoryczn\u0105 poprowadzi\u0142 Tomasz Markowski &#8211; ambasador marki Sony oraz jeden z najbardziej do\u015bwiadczonych fotograf\u00f3w sportowych w Polsce. Podczas swojego wyk\u0142adu Tomasz opowiedzia\u0142 o kulisach pracy fotografa sportowego oraz o tym, jak wygl\u0105da przygotowanie do fotografowania najwi\u0119kszych wydarze\u0144 sportowych.<\/p>\n<p>Uczestnicy poznali m.in.:<\/p>\n<ul>\n<li>zasady budowania dynamicznego kadru &#8211; zar\u00f3wno takiego, kt\u00f3ry spe\u0142nia wymagania prasy i agencji fotograficznych, jak i bardziej artystycznych uj\u0119\u0107. Cho\u0107 te drugie rzadziej trafiaj\u0105 do publikacji prasowych, ale maj\u0105 szans\u0119 m.in. wzi\u0105\u0107 udzia\u0142 w konkursach fotograficznych<\/li>\n<li>techniki pracy z d\u0142ugimi ogniskowymi wykorzystywanymi w fotografii sportowej<\/li>\n<li>sposoby uchwycenia kluczowego momentu w dynamicznych sytuacjach na boisku<\/li>\n<\/ul>\n<p><img decoding=\"async\" loading=\"lazy\" class=\"alignnone size-full wp-image-9905\" src=\"https:\/\/fotoservice.fotojoker.pl\/blog\/wp-content\/uploads\/MKO-11774_Art_141_grafiki_txt_8.jpg\" alt=\"\" width=\"2238\" height=\"1505\" \/> <img decoding=\"async\" loading=\"lazy\" class=\"alignnone size-full wp-image-9901\" src=\"https:\/\/fotoservice.fotojoker.pl\/blog\/wp-content\/uploads\/MKO-11774_Art_141_grafiki_txt_4.jpg\" alt=\"\" width=\"2238\" height=\"1451\" \/> <img decoding=\"async\" loading=\"lazy\" class=\"alignnone size-full wp-image-9904\" src=\"https:\/\/fotoservice.fotojoker.pl\/blog\/wp-content\/uploads\/MKO-11774_Art_141_grafiki_txt_7.jpg\" alt=\"\" width=\"2238\" height=\"1505\" \/><\/p>\n<p>Podczas spotkania nie zabrak\u0142o r\u00f3wnie\u017c opowie\u015bci o realiach pracy fotoreportera sportowego. Prowadz\u0105cy przybli\u017cy\u0142 uczestnikom, jak wygl\u0105da dzie\u0144 pracy fotografa podczas wydarze\u0144 takich jak igrzyska olimpijskie &#8211; od przygotowania logistycznego, przez presj\u0119 czasu zwi\u0105zan\u0105 z szybkim selekcjonowaniem i opisywaniem zdj\u0119\u0107, a\u017c po konieczno\u015b\u0107 b\u0142yskawicznego przesy\u0142ania materia\u0142u do redakcji. Om\u00f3wione zosta\u0142y tak\u017ce ograniczenia, z jakimi mierz\u0105 si\u0119 fotografowie pracuj\u0105cy na najwi\u0119kszych imprezach sportowych. W wielu przypadkach fotografowie mog\u0105 pracowa\u0107 wy\u0142\u0105cznie z wyznaczonych stref wok\u00f3\u0142 boiska, a podczas rozgrywek nie maj\u0105 mo\u017cliwo\u015bci swobodnego przemieszczania si\u0119. Oznacza to, \u017ce kluczowe znaczenie ma odpowiednie przygotowanie, wyb\u00f3r miejsca pracy oraz umiej\u0119tno\u015b\u0107 przewidywania przebiegu akcji.<\/p>\n<h2><span class=\"ez-toc-section\" id=\"Sprzet_i_technologia_%E2%80%93_prezentacja_eksperta_Sony\"><\/span><strong>Sprz\u0119t i technologia &#8211; prezentacja eksperta Sony<\/strong><span class=\"ez-toc-section-end\"><\/span><\/h2>\n<p>Istotnym elementem cz\u0119\u015bci teoretycznej by\u0142 r\u00f3wnie\u017c wyk\u0142ad technologiczno-sprz\u0119towy prowadzony przez Jakuba Wosika, eksperta marki Sony. Podczas swojej prezentacji przybli\u017cy\u0142 on uczestnikom struktur\u0119 i logik\u0119 menu aparat\u00f3w Sony z serii Alpha, pokazuj\u0105c jak efektywnie konfigurowa\u0107 sprz\u0119t pod k\u0105tem fotografii sportowej. Om\u00f3wione zosta\u0142y m.in. najwa\u017cniejsze ustawienia autofocusu, tryby zdj\u0119\u0107 seryjnych oraz sposoby personalizacji przycisk\u00f3w i zak\u0142adek w menu, kt\u00f3re pozwalaj\u0105 znacznie przyspieszy\u0107 prac\u0119 fotografa w dynamicznych warunkach.<\/p>\n<p>W trakcie wyk\u0142adu zaprezentowano tak\u017ce mo\u017cliwo\u015bci aplikacji wsp\u00f3\u0142pracuj\u0105cych z aparatami Sony, takich jak <strong>Sony Creators&#8217; App<\/strong> oraz <strong>Sony Monitor &amp; Control<\/strong>. Uczestnicy mogli dowiedzie\u0107 si\u0119, w jaki spos\u00f3b aplikacje te wspieraj\u0105 codzienn\u0105 prac\u0119 fotografa \u2013 od zdalnego sterowania aparatem i szybkiego transferu zdj\u0119\u0107 na urz\u0105dzenia mobilne, po profesjonalny monitoring obrazu i kontrol\u0119 parametr\u00f3w pracy aparatu w czasie rzeczywistym.<\/p>\n<p><img decoding=\"async\" loading=\"lazy\" class=\"alignnone size-full wp-image-9905\" src=\"https:\/\/fotoservice.fotojoker.pl\/blog\/wp-content\/uploads\/MKO-11774_Art_141_grafiki_txt_8.jpg\" alt=\"\" width=\"2238\" height=\"1505\" \/> <img decoding=\"async\" loading=\"lazy\" class=\"alignnone size-full wp-image-9906\" src=\"https:\/\/fotoservice.fotojoker.pl\/blog\/wp-content\/uploads\/MKO-11774_Art_141_grafiki_txt_9.jpg\" alt=\"\" width=\"2238\" height=\"1505\" \/> <img decoding=\"async\" loading=\"lazy\" class=\"alignnone size-full wp-image-9907\" src=\"https:\/\/fotoservice.fotojoker.pl\/blog\/wp-content\/uploads\/MKO-11774_Art_141_grafiki_txt_10.jpg\" alt=\"\" width=\"2238\" height=\"1505\" \/><img decoding=\"async\" loading=\"lazy\" class=\"alignnone size-full wp-image-9903\" src=\"https:\/\/fotoservice.fotojoker.pl\/blog\/wp-content\/uploads\/MKO-11774_Art_141_grafiki_txt_6.jpg\" alt=\"\" width=\"2238\" height=\"915\" \/><\/p>\n<h2><span class=\"ez-toc-section\" id=\"Testy_profesjonalnego_sprzetu_fotograficznego_Sony\"><\/span><strong>Testy profesjonalnego sprz\u0119tu fotograficznego Sony<\/strong><span class=\"ez-toc-section-end\"><\/span><\/h2>\n<p>Jednym z najwa\u017cniejszych element\u00f3w warsztat\u00f3w by\u0142a mo\u017cliwo\u015b\u0107 pracy z profesjonalnym sprz\u0119tem fotograficznym. Do dyspozycji uczestnik\u00f3w oddano szerok\u0105 gam\u0119 aparat\u00f3w systemu Sony, w tym m.in.: Sony A7V, Sony A1 II, Sony A9, Sony A7CR, Sony A7C II. Nie zabrak\u0142o r\u00f3wnie\u017c profesjonalnych teleobiektyw\u00f3w wykorzystywanych w fotografii sportowej m.in.: Sony FE 400\u2011800mm f\/6.3\u20138 G OSS, Sony FE 600mm f\/4 GM OSS, Sony FE 200\u2011600mm f\/5.6-6.3 G OSS, Sony FE 100\u2011400mm f\/4.5-5.6 GM OSS. Dost\u0119pne by\u0142y tak\u017ce obiektywy portretowe oraz szerokok\u0105tne, kt\u00f3re pozwala\u0142y uczestnikom eksperymentowa\u0107 z r\u00f3\u017cnymi perspektywami i stylem fotografowania.<\/p>\n<p>Poznaj ca\u0142y asortyment marki Sony &#8211; <a href=\"https:\/\/www.fotojoker.pl\/sony\">LINK<\/a><\/p>\n<p><img decoding=\"async\" loading=\"lazy\" class=\"alignnone size-full wp-image-9898\" src=\"https:\/\/fotoservice.fotojoker.pl\/blog\/wp-content\/uploads\/MKO-11774_Art_141_grafiki_txt_1.jpg\" alt=\"\" width=\"2238\" height=\"1465\" \/> <img decoding=\"async\" loading=\"lazy\" class=\"alignnone size-full wp-image-9902\" src=\"https:\/\/fotoservice.fotojoker.pl\/blog\/wp-content\/uploads\/MKO-11774_Art_141_grafiki_txt_5.jpg\" alt=\"\" width=\"2238\" height=\"915\" \/><\/p>\n<h2><span class=\"ez-toc-section\" id=\"Praktyka_podczas_treningu_siatkarskiego\"><\/span><strong>Praktyka podczas treningu siatkarskiego<\/strong><span class=\"ez-toc-section-end\"><\/span><\/h2>\n<p>Najbardziej wyczekiwan\u0105 cz\u0119\u015bci\u0105 wydarzenia by\u0142a cz\u0119\u015b\u0107 praktyczna realizowana podczas treningu siatkarzy ZAKSA K\u0119dzierzyn-Ko\u017ale. Uczestnicy mieli okazj\u0119 fotografowa\u0107 dynamiczne akcje siatkarskie pod okiem Tomasza Markowskiego. Fotografowanie podczas treningu daje mo\u017cliwo\u015bci, kt\u00f3rych nie oferuj\u0105 oficjalne mecze. Uczestnicy mieli znacznie wi\u0119ksz\u0105 swobod\u0119 pracy, co pozwoli\u0142o skupi\u0107 si\u0119 zar\u00f3wno na technice fotografowania, jak i \u015bwiadomym budowaniu kadru.<\/p>\n<p>Podczas cz\u0119\u015bci praktycznej uczestnicy mogli:<\/p>\n<ul>\n<li>swobodniej porusza\u0107 si\u0119 wok\u00f3\u0142 boiska i w strefie trybun<\/li>\n<li>testowa\u0107 r\u00f3\u017cne perspektywy fotografowania<\/li>\n<li>pracowa\u0107 bez ogranicze\u0144 wynikaj\u0105cych ze stref medialnych<\/li>\n<li>eksperymentowa\u0107 z ustawieniami aparat\u00f3w i obiektyw\u00f3w<\/li>\n<\/ul>\n<p>Dzi\u0119ki temu powsta\u0142o wiele dynamicznych uj\u0119\u0107, kt\u00f3rych wykonanie podczas oficjalnego meczu by\u0142oby znacznie trudniejsze ze wzgl\u0119du na ograniczenia organizacyjne oraz dost\u0119p do wybranych miejsc wok\u00f3\u0142 boiska. Warsztaty zako\u0144czy\u0142y si\u0119 pami\u0105tkowym zdj\u0119ciem grupowym uczestnik\u00f3w z zawodnikami ZAKSA K\u0119dzierzyn-Ko\u017ale.<\/p>\n<div id=\"attachment_9914\" style=\"width: 2248px\" class=\"wp-caption alignnone\"><img aria-describedby=\"caption-attachment-9914\" decoding=\"async\" loading=\"lazy\" class=\"wp-image-9914 size-full\" src=\"https:\/\/fotoservice.fotojoker.pl\/blog\/wp-content\/uploads\/MKO-11774_Art_141_grafiki_txt_17.jpg\" alt=\"\" width=\"2238\" height=\"1505\" \/><p id=\"caption-attachment-9914\" class=\"wp-caption-text\">fot. Rafa\u0142 Garbarz<\/p><\/div>\n<p><img decoding=\"async\" loading=\"lazy\" class=\"alignnone wp-image-9913 size-full\" src=\"https:\/\/fotoservice.fotojoker.pl\/blog\/wp-content\/uploads\/MKO-11774_Art_141_grafiki_txt_16.jpg\" alt=\"\" width=\"2238\" height=\"1505\" \/><\/p>\n<p><img decoding=\"async\" loading=\"lazy\" class=\"alignnone size-full wp-image-9908\" src=\"https:\/\/fotoservice.fotojoker.pl\/blog\/wp-content\/uploads\/MKO-11774_Art_141_grafiki_txt_11.jpg\" alt=\"\" width=\"2238\" height=\"1505\" \/> <img decoding=\"async\" loading=\"lazy\" class=\"alignnone size-full wp-image-9909\" src=\"https:\/\/fotoservice.fotojoker.pl\/blog\/wp-content\/uploads\/MKO-11774_Art_141_grafiki_txt_12.jpg\" alt=\"\" width=\"2238\" height=\"1505\" \/> <img decoding=\"async\" loading=\"lazy\" class=\"alignnone size-full wp-image-9910\" src=\"https:\/\/fotoservice.fotojoker.pl\/blog\/wp-content\/uploads\/MKO-11774_Art_141_grafiki_txt_13.jpg\" alt=\"\" width=\"2238\" height=\"1505\" \/> <img decoding=\"async\" loading=\"lazy\" class=\"alignnone size-full wp-image-9911\" src=\"https:\/\/fotoservice.fotojoker.pl\/blog\/wp-content\/uploads\/MKO-11774_Art_141_grafiki_txt_14.jpg\" alt=\"\" width=\"2238\" height=\"1505\" \/> <img decoding=\"async\" loading=\"lazy\" class=\"alignnone size-full wp-image-9912\" src=\"https:\/\/fotoservice.fotojoker.pl\/blog\/wp-content\/uploads\/MKO-11774_Art_141_grafiki_txt_15.jpg\" alt=\"\" width=\"2238\" height=\"1505\" \/><\/p>\n<h2><span class=\"ez-toc-section\" id=\"Jak_fotografowac_sport_%E2%80%93_najwazniejsze_wskazowki\"><\/span><strong>Jak fotografowa\u0107 sport &#8211; najwa\u017cniejsze wskaz\u00f3wki<\/strong><span class=\"ez-toc-section-end\"><\/span><\/h2>\n<p>Fotografia sportowa wymaga odpowiedniego przygotowania technicznego oraz dobrej znajomo\u015bci sprz\u0119tu.<\/p>\n<p><strong>Przewidywanie akcji<br \/>\n<\/strong>Jedn\u0105 z najwa\u017cniejszych umiej\u0119tno\u015bci fotografa sportowego jest obserwacja gry i przewidywanie momentu, w kt\u00f3rym wydarzy si\u0119 najciekawsza akcja. Pozwala to odpowiednio wcze\u015bniej przygotowa\u0107 kadr i ustawi\u0107 ostro\u015b\u0107.<\/p>\n<p><strong>Autofocus i tryby \u015bledzenia<br \/>\n<\/strong>Nowoczesne aparaty, takie jak modele systemu Sony Alpha, oferuj\u0105 zaawansowane systemy \u015bledzenia obiekt\u00f3w. Funkcje wykrywania oczu czy inteligentnego \u015bledzenia ruchu znacz\u0105co zwi\u0119kszaj\u0105 skuteczno\u015b\u0107 fotografowania dynamicznych scen. Dodatkowo aparaty Sony wyposa\u017cone s\u0105 w funkcj\u0119 Pre-Capture, dost\u0119pn\u0105 w wybranych bezlusterkowcach, kt\u00f3ra zapisuje seri\u0119 klatek jeszcze zanim spust migawki zostanie w pe\u0142ni naci\u015bni\u0119ty. Dzi\u0119ki temu fotograf ma pewno\u015b\u0107, \u017ce uchwyci decyduj\u0105cy moment akcji, nawet je\u015bli reakcja sp\u00f3\u017ani si\u0119 o u\u0142amek sekundy.<\/p>\n<p><strong>Odpowiedni obiektyw<br \/>\n<\/strong>W fotografii sportowej kluczow\u0105 rol\u0119 odgrywaj\u0105 teleobiektywy o du\u017cej ogniskowej, kt\u00f3re pozwalaj\u0105 uchwyci\u0107 akcj\u0119 z du\u017cej odleg\u0142o\u015bci i jednocze\u015bnie wyizolowa\u0107 zawodnik\u00f3w z t\u0142a.<\/p>\n<p><strong>Wydajne no\u015bniki danych<br \/>\n<\/strong>W fotografii sportowej powstaj\u0105 cz\u0119sto setki zdj\u0119\u0107 w kr\u00f3tkim czasie, dlatego niezwykle wa\u017cna jest szybka karta pami\u0119ci o wysokiej wydajno\u015bci zapisu. Dobrym przyk\u0142adem s\u0105 karty Sony Tough, kt\u00f3re oferuj\u0105 bardzo szybki zapis danych oraz zwi\u0119kszon\u0105 odporno\u015b\u0107 na uszkodzenia mechaniczne, kurz czy wilgo\u0107 &#8211; co ma du\u017ce znaczenie podczas pracy w wymagaj\u0105cych warunkach.<\/p>\n<h2><span class=\"ez-toc-section\" id=\"Warsztaty_fotograficzne_%E2%80%93_Dlaczego_warto_uczestniczyc\"><\/span><strong>Warsztaty fotograficzne &#8211; Dlaczego warto uczestniczy\u0107?<\/strong><span class=\"ez-toc-section-end\"><\/span><\/h2>\n<p>Warsztaty fotograficzne to jedna z najlepszych form rozwijania umiej\u0119tno\u015bci &#8211; zar\u00f3wno dla pocz\u0105tkuj\u0105cych, jak i bardziej zaawansowanych fotograf\u00f3w.<\/p>\n<p>Udzia\u0142 w takich wydarzeniach pozwala:<\/p>\n<ul>\n<li>zdobywa\u0107 wiedz\u0119 bezpo\u015brednio od do\u015bwiadczonych fotograf\u00f3w i ekspert\u00f3w<\/li>\n<li>pracowa\u0107 w realistycznych warunkach fotograficznych<\/li>\n<li>testowa\u0107 profesjonalny sprz\u0119t fotograficzny<\/li>\n<li>otrzyma\u0107 konstruktywny feedback dotycz\u0105cy w\u0142asnych zdj\u0119\u0107<\/li>\n<li>wymienia\u0107 do\u015bwiadczenia z innymi pasjonatami fotografii<\/li>\n<\/ul>\n<p>Dodatkowo, ka\u017cdy uczestnik otrzymuje indywidualn\u0105 ofert\u0119 handlow\u0105, dzi\u0119ki kt\u00f3rej mo\u017cna naby\u0107 zestaw fotograficzny w korzystniejszej cenie, dopasowany do w\u0142asnych potrzeb i preferencji sprz\u0119towych.<\/p>\n<p>Je\u015bli interesuj\u0105 Ci\u0119 kolejne warsztaty fotograficzne, testy sprz\u0119tu oraz wydarzenia dla fotograf\u00f3w, warto \u015bledzi\u0107 nasze kana\u0142y w <a href=\"https:\/\/www.facebook.com\/CEWE.FOTOJOKER\">mediach spo\u0142eczno\u015bciowych<\/a>. Zach\u0119camy r\u00f3wnie\u017c do zapisania si\u0119 do naszego <a href=\"https:\/\/www.fotojoker.pl\/newsletter\">newslettera<\/a>, aby otrzymywa\u0107 aktualne informacje o nowych wydarzeniach, szkoleniach i premierach sprz\u0119tu fotograficznego.<\/p>\n<p>&nbsp;<\/p>\n<p><strong>Zobacz tak\u017ce:<\/strong><\/p>\n<ul>\n<li><a href=\"https:\/\/www.fotojoker.pl\/blog\/czym-sie-kierowac-przy-wyborze-aparatu-dla-dziecka\/\">Czym si\u0119 kierowa\u0107 przy wyborze aparatu fotograficznego dla dziecka?<\/a><\/li>\n<li><a href=\"https:\/\/www.fotojoker.pl\/blog\/przewodnik-po-kartach-pamieci\/\">Przewodnik po kartach pami\u0119ci<\/a><\/li>\n<li><a href=\"https:\/\/www.fotojoker.pl\/blog\/tanie-i-skuteczne-gadzety-fotograficzne-ktore-naprawde-ulatwiaja-prace\/\">Tanie i skuteczne gad\u017cety fotograficzne, kt\u00f3re naprawd\u0119 u\u0142atwiaj\u0105 prac\u0119<\/a><\/li>\n<\/ul>\n<div class=\"pntrst_main_before_after\"><\/div>","protected":false},"excerpt":{"rendered":"<p>Warsztaty fotograficzne z fotografii sportowej Photo Day &#8211; relacja z wydarzenia Fotografia sportowa to jedna z najbardziej wymagaj\u0105cych dziedzin fotografii. Wymaga refleksu, umiej\u0119tno\u015bci przewidywania akcji oraz doskona\u0142ej znajomo\u015bci sprz\u0119tu. W\u0142a\u015bnie tym zagadnieniom po\u015bwi\u0119cone by\u0142y warsztaty Photo Day, kt\u00f3re odby\u0142y si\u0119 w Hali Sportowej \u201eAzoty\u201d w K\u0119dzierzynie-Ko\u017alu. Wydarzenie zosta\u0142o przygotowane we wsp\u00f3\u0142pracy z CEWE, Sony oraz [&hellip;]<\/p>\n","protected":false},"author":36,"featured_media":9897,"comment_status":"closed","ping_status":"closed","sticky":false,"template":"","format":"standard","meta":{"inline_featured_image":false,"spay_email":"","jetpack_publicize_message":"","jetpack_is_tweetstorm":false,"jetpack_publicize_feature_enabled":true},"categories":[621],"tags":[],"yoast_head":"<!-- This site is optimized with the Yoast SEO plugin v19.1 - https:\/\/yoast.com\/wordpress\/plugins\/seo\/ -->\n<title>Warsztaty fotograficzne Photo Day - fotografia sportowa - relacja z wydarzenia i test\u00f3w sprz\u0119tu Sony Blog FOTOJOKER.pl<\/title>\n<meta name=\"description\" content=\"Warsztaty fotograficzne - relacja: technika, kompozycja i pasja w obiektywie. Zobacz galeri\u0119 zdj\u0119\u0107, poznaj kulisy nauki i zainspiruj si\u0119 do w\u0142asnych sesji. Sprawd\u017a teraz!\" \/>\n<meta name=\"robots\" content=\"index, follow, max-snippet:-1, max-image-preview:large, max-video-preview:-1\" \/>\n<link rel=\"canonical\" href=\"https:\/\/fotojoker.pl\/blog\/warsztaty-fotograficzne-photo-day\/\" \/>\n<meta property=\"og:locale\" content=\"pl_PL\" \/>\n<meta property=\"og:type\" content=\"article\" \/>\n<meta property=\"og:title\" content=\"Warsztaty fotograficzne Photo Day - fotografia sportowa - relacja z wydarzenia i test\u00f3w sprz\u0119tu Sony Blog FOTOJOKER.pl\" \/>\n<meta property=\"og:description\" content=\"Warsztaty fotograficzne - relacja: technika, kompozycja i pasja w obiektywie. Zobacz galeri\u0119 zdj\u0119\u0107, poznaj kulisy nauki i zainspiruj si\u0119 do w\u0142asnych sesji. Sprawd\u017a teraz!\" \/>\n<meta property=\"og:url\" content=\"https:\/\/fotojoker.pl\/blog\/warsztaty-fotograficzne-photo-day\/\" \/>\n<meta property=\"og:site_name\" content=\"Blog FOTOJOKER.pl\" \/>\n<meta property=\"article:published_time\" content=\"2026-03-13T08:45:26+00:00\" \/>\n<meta property=\"article:modified_time\" content=\"2026-03-20T09:04:10+00:00\" \/>\n<meta property=\"og:image\" content=\"https:\/\/fotoservice.fotojoker.pl\/blog\/wp-content\/uploads\/MKO-11774_Art_141_grafiki_glowna.jpg\" \/>\n\t<meta property=\"og:image:width\" content=\"2000\" \/>\n\t<meta property=\"og:image:height\" content=\"1000\" \/>\n\t<meta property=\"og:image:type\" content=\"image\/jpeg\" \/>\n<meta name=\"twitter:card\" content=\"summary\" \/>\n<meta name=\"twitter:label1\" content=\"Napisane przez\" \/>\n\t<meta name=\"twitter:data1\" content=\"Aneta Cie\u015blak\" \/>\n\t<meta name=\"twitter:label2\" content=\"Szacowany czas czytania\" \/>\n\t<meta name=\"twitter:data2\" content=\"10 minut\" \/>\n<script type=\"application\/ld+json\" class=\"yoast-schema-graph\">{\"@context\":\"https:\/\/schema.org\",\"@graph\":[{\"@type\":\"WebSite\",\"@id\":\"https:\/\/fotojoker.pl\/blog\/#website\",\"url\":\"https:\/\/fotojoker.pl\/blog\/\",\"name\":\"Blog FOTOJOKER.pl\",\"description\":\"Blog fotograficzny - to i owo dla ka\u017cdego fana robienia zdj\u0119\u0107 i czego\u015b z tych zdj\u0119\u0107.\",\"potentialAction\":[{\"@type\":\"SearchAction\",\"target\":{\"@type\":\"EntryPoint\",\"urlTemplate\":\"https:\/\/fotojoker.pl\/blog\/?s={search_term_string}\"},\"query-input\":\"required name=search_term_string\"}],\"inLanguage\":\"pl-PL\"},{\"@type\":\"ImageObject\",\"inLanguage\":\"pl-PL\",\"@id\":\"https:\/\/fotojoker.pl\/blog\/warsztaty-fotograficzne-photo-day\/#primaryimage\",\"url\":\"https:\/\/fotoservice.fotojoker.pl\/blog\/wp-content\/uploads\/MKO-11774_Art_141_grafiki_glowna.jpg\",\"contentUrl\":\"https:\/\/fotoservice.fotojoker.pl\/blog\/wp-content\/uploads\/MKO-11774_Art_141_grafiki_glowna.jpg\",\"width\":2000,\"height\":1000},{\"@type\":\"WebPage\",\"@id\":\"https:\/\/fotojoker.pl\/blog\/warsztaty-fotograficzne-photo-day\/#webpage\",\"url\":\"https:\/\/fotojoker.pl\/blog\/warsztaty-fotograficzne-photo-day\/\",\"name\":\"Warsztaty fotograficzne Photo Day - fotografia sportowa - relacja z wydarzenia i test\u00f3w sprz\u0119tu Sony Blog FOTOJOKER.pl\",\"isPartOf\":{\"@id\":\"https:\/\/fotojoker.pl\/blog\/#website\"},\"primaryImageOfPage\":{\"@id\":\"https:\/\/fotojoker.pl\/blog\/warsztaty-fotograficzne-photo-day\/#primaryimage\"},\"datePublished\":\"2026-03-13T08:45:26+00:00\",\"dateModified\":\"2026-03-20T09:04:10+00:00\",\"author\":{\"@id\":\"https:\/\/fotojoker.pl\/blog\/#\/schema\/person\/c4259d717e2d9cb28ca189ddf73fea59\"},\"description\":\"Warsztaty fotograficzne - relacja: technika, kompozycja i pasja w obiektywie. Zobacz galeri\u0119 zdj\u0119\u0107, poznaj kulisy nauki i zainspiruj si\u0119 do w\u0142asnych sesji. Sprawd\u017a teraz!\",\"breadcrumb\":{\"@id\":\"https:\/\/fotojoker.pl\/blog\/warsztaty-fotograficzne-photo-day\/#breadcrumb\"},\"inLanguage\":\"pl-PL\",\"potentialAction\":[{\"@type\":\"ReadAction\",\"target\":[\"https:\/\/fotojoker.pl\/blog\/warsztaty-fotograficzne-photo-day\/\"]}]},{\"@type\":\"BreadcrumbList\",\"@id\":\"https:\/\/fotojoker.pl\/blog\/warsztaty-fotograficzne-photo-day\/#breadcrumb\",\"itemListElement\":[{\"@type\":\"ListItem\",\"position\":1,\"name\":\"Strona g\u0142\u00f3wna\",\"item\":\"https:\/\/fotojoker.pl\/blog\/\"},{\"@type\":\"ListItem\",\"position\":2,\"name\":\"Warsztaty fotograficzne Photo Day &#8211; fotografia sportowa &#8211; relacja z wydarzenia i test\u00f3w sprz\u0119tu Sony\"}]},{\"@type\":\"Person\",\"@id\":\"https:\/\/fotojoker.pl\/blog\/#\/schema\/person\/c4259d717e2d9cb28ca189ddf73fea59\",\"name\":\"Aneta Cie\u015blak\",\"image\":{\"@type\":\"ImageObject\",\"inLanguage\":\"pl-PL\",\"@id\":\"https:\/\/fotojoker.pl\/blog\/#\/schema\/person\/image\/\",\"url\":\"https:\/\/fotoservice.fotojoker.pl\/blog\/wp-content\/uploads\/skan.jpg\",\"contentUrl\":\"https:\/\/fotoservice.fotojoker.pl\/blog\/wp-content\/uploads\/skan.jpg\",\"caption\":\"Aneta Cie\u015blak\"},\"description\":\"Absolwentka WRiTV, fotografowa\u0142a od sesji \u015blubnych, przez fotosy na planach filmowych, po reporta\u017ce rekonstrukcji historycznych. Niekomercyjnie wraca do fotografii analogowej, gdzie niespieszno\u015b\u0107 staje si\u0119 cz\u0119\u015bci\u0105 procesu. Old soul z wyboru i natury - otacza si\u0119 klasyk\u0105, winylami i meblami z rysem historii.\",\"url\":\"https:\/\/fotojoker.pl\/blog\/author\/aneta-cieslak\/\"}]}<\/script>\n<!-- \/ Yoast SEO plugin. -->","yoast_head_json":{"title":"Warsztaty fotograficzne Photo Day - fotografia sportowa - relacja z wydarzenia i test\u00f3w sprz\u0119tu Sony Blog FOTOJOKER.pl","description":"Warsztaty fotograficzne - relacja: technika, kompozycja i pasja w obiektywie. Zobacz galeri\u0119 zdj\u0119\u0107, poznaj kulisy nauki i zainspiruj si\u0119 do w\u0142asnych sesji. Sprawd\u017a teraz!","robots":{"index":"index","follow":"follow","max-snippet":"max-snippet:-1","max-image-preview":"max-image-preview:large","max-video-preview":"max-video-preview:-1"},"canonical":"https:\/\/fotojoker.pl\/blog\/warsztaty-fotograficzne-photo-day\/","og_locale":"pl_PL","og_type":"article","og_title":"Warsztaty fotograficzne Photo Day - fotografia sportowa - relacja z wydarzenia i test\u00f3w sprz\u0119tu Sony Blog FOTOJOKER.pl","og_description":"Warsztaty fotograficzne - relacja: technika, kompozycja i pasja w obiektywie. Zobacz galeri\u0119 zdj\u0119\u0107, poznaj kulisy nauki i zainspiruj si\u0119 do w\u0142asnych sesji. Sprawd\u017a teraz!","og_url":"https:\/\/fotojoker.pl\/blog\/warsztaty-fotograficzne-photo-day\/","og_site_name":"Blog FOTOJOKER.pl","article_published_time":"2026-03-13T08:45:26+00:00","article_modified_time":"2026-03-20T09:04:10+00:00","og_image":[{"width":2000,"height":1000,"url":"https:\/\/fotoservice.fotojoker.pl\/blog\/wp-content\/uploads\/MKO-11774_Art_141_grafiki_glowna.jpg","type":"image\/jpeg"}],"twitter_card":"summary","twitter_misc":{"Napisane przez":"Aneta Cie\u015blak","Szacowany czas czytania":"10 minut"},"schema":{"@context":"https:\/\/schema.org","@graph":[{"@type":"WebSite","@id":"https:\/\/fotojoker.pl\/blog\/#website","url":"https:\/\/fotojoker.pl\/blog\/","name":"Blog FOTOJOKER.pl","description":"Blog fotograficzny - to i owo dla ka\u017cdego fana robienia zdj\u0119\u0107 i czego\u015b z tych zdj\u0119\u0107.","potentialAction":[{"@type":"SearchAction","target":{"@type":"EntryPoint","urlTemplate":"https:\/\/fotojoker.pl\/blog\/?s={search_term_string}"},"query-input":"required name=search_term_string"}],"inLanguage":"pl-PL"},{"@type":"ImageObject","inLanguage":"pl-PL","@id":"https:\/\/fotojoker.pl\/blog\/warsztaty-fotograficzne-photo-day\/#primaryimage","url":"https:\/\/fotoservice.fotojoker.pl\/blog\/wp-content\/uploads\/MKO-11774_Art_141_grafiki_glowna.jpg","contentUrl":"https:\/\/fotoservice.fotojoker.pl\/blog\/wp-content\/uploads\/MKO-11774_Art_141_grafiki_glowna.jpg","width":2000,"height":1000},{"@type":"WebPage","@id":"https:\/\/fotojoker.pl\/blog\/warsztaty-fotograficzne-photo-day\/#webpage","url":"https:\/\/fotojoker.pl\/blog\/warsztaty-fotograficzne-photo-day\/","name":"Warsztaty fotograficzne Photo Day - fotografia sportowa - relacja z wydarzenia i test\u00f3w sprz\u0119tu Sony Blog FOTOJOKER.pl","isPartOf":{"@id":"https:\/\/fotojoker.pl\/blog\/#website"},"primaryImageOfPage":{"@id":"https:\/\/fotojoker.pl\/blog\/warsztaty-fotograficzne-photo-day\/#primaryimage"},"datePublished":"2026-03-13T08:45:26+00:00","dateModified":"2026-03-20T09:04:10+00:00","author":{"@id":"https:\/\/fotojoker.pl\/blog\/#\/schema\/person\/c4259d717e2d9cb28ca189ddf73fea59"},"description":"Warsztaty fotograficzne - relacja: technika, kompozycja i pasja w obiektywie. Zobacz galeri\u0119 zdj\u0119\u0107, poznaj kulisy nauki i zainspiruj si\u0119 do w\u0142asnych sesji. Sprawd\u017a teraz!","breadcrumb":{"@id":"https:\/\/fotojoker.pl\/blog\/warsztaty-fotograficzne-photo-day\/#breadcrumb"},"inLanguage":"pl-PL","potentialAction":[{"@type":"ReadAction","target":["https:\/\/fotojoker.pl\/blog\/warsztaty-fotograficzne-photo-day\/"]}]},{"@type":"BreadcrumbList","@id":"https:\/\/fotojoker.pl\/blog\/warsztaty-fotograficzne-photo-day\/#breadcrumb","itemListElement":[{"@type":"ListItem","position":1,"name":"Strona g\u0142\u00f3wna","item":"https:\/\/fotojoker.pl\/blog\/"},{"@type":"ListItem","position":2,"name":"Warsztaty fotograficzne Photo Day &#8211; fotografia sportowa &#8211; relacja z wydarzenia i test\u00f3w sprz\u0119tu Sony"}]},{"@type":"Person","@id":"https:\/\/fotojoker.pl\/blog\/#\/schema\/person\/c4259d717e2d9cb28ca189ddf73fea59","name":"Aneta Cie\u015blak","image":{"@type":"ImageObject","inLanguage":"pl-PL","@id":"https:\/\/fotojoker.pl\/blog\/#\/schema\/person\/image\/","url":"https:\/\/fotoservice.fotojoker.pl\/blog\/wp-content\/uploads\/skan.jpg","contentUrl":"https:\/\/fotoservice.fotojoker.pl\/blog\/wp-content\/uploads\/skan.jpg","caption":"Aneta Cie\u015blak"},"description":"Absolwentka WRiTV, fotografowa\u0142a od sesji \u015blubnych, przez fotosy na planach filmowych, po reporta\u017ce rekonstrukcji historycznych. Niekomercyjnie wraca do fotografii analogowej, gdzie niespieszno\u015b\u0107 staje si\u0119 cz\u0119\u015bci\u0105 procesu. Old soul z wyboru i natury - otacza si\u0119 klasyk\u0105, winylami i meblami z rysem historii.","url":"https:\/\/fotojoker.pl\/blog\/author\/aneta-cieslak\/"}]}},"jetpack_featured_media_url":"https:\/\/fotoservice.fotojoker.pl\/blog\/wp-content\/uploads\/MKO-11774_Art_141_grafiki_glowna.jpg","jetpack_publicize_connections":[],"jetpack_sharing_enabled":true,"jetpack_shortlink":"https:\/\/wp.me\/p8cm9e-2zC","_links":{"self":[{"href":"https:\/\/fotojoker.pl\/blog\/wp-json\/wp\/v2\/posts\/9896"}],"collection":[{"href":"https:\/\/fotojoker.pl\/blog\/wp-json\/wp\/v2\/posts"}],"about":[{"href":"https:\/\/fotojoker.pl\/blog\/wp-json\/wp\/v2\/types\/post"}],"author":[{"embeddable":true,"href":"https:\/\/fotojoker.pl\/blog\/wp-json\/wp\/v2\/users\/36"}],"replies":[{"embeddable":true,"href":"https:\/\/fotojoker.pl\/blog\/wp-json\/wp\/v2\/comments?post=9896"}],"version-history":[{"count":3,"href":"https:\/\/fotojoker.pl\/blog\/wp-json\/wp\/v2\/posts\/9896\/revisions"}],"predecessor-version":[{"id":9917,"href":"https:\/\/fotojoker.pl\/blog\/wp-json\/wp\/v2\/posts\/9896\/revisions\/9917"}],"wp:featuredmedia":[{"embeddable":true,"href":"https:\/\/fotojoker.pl\/blog\/wp-json\/wp\/v2\/media\/9897"}],"wp:attachment":[{"href":"https:\/\/fotojoker.pl\/blog\/wp-json\/wp\/v2\/media?parent=9896"}],"wp:term":[{"taxonomy":"category","embeddable":true,"href":"https:\/\/fotojoker.pl\/blog\/wp-json\/wp\/v2\/categories?post=9896"},{"taxonomy":"post_tag","embeddable":true,"href":"https:\/\/fotojoker.pl\/blog\/wp-json\/wp\/v2\/tags?post=9896"}],"curies":[{"name":"wp","href":"https:\/\/api.w.org\/{rel}","templated":true}]}}